{"id":50094,"date":"2019-04-04T09:40:57","date_gmt":"2019-04-04T12:40:57","guid":{"rendered":"https:\/\/eldiariodesanpedro.com.ar\/sitio\/?p=50094"},"modified":"2019-04-04T09:41:09","modified_gmt":"2019-04-04T12:41:09","slug":"inscripcion-en-el-programa-yvera-fondetur-2019","status":"publish","type":"post","link":"https:\/\/eldiariodesanpedro.com.ar\/sitio\/inscripcion-en-el-programa-yvera-fondetur-2019\/","title":{"rendered":"Inscripci\u00f3n en el programa YVERA-FONDETUR 2019"},"content":{"rendered":"<!-- VideographyWP Plugin Message: Automatic video embedding prevented by plugin options. -->\n\n<p> La Secretar\u00eda de Desarrollo Econ\u00f3mico de la Municipalidad de San Pedro invita a trav\u00e9s de la Direcci\u00f3n de Turismo a la presentaci\u00f3n de proyectos para el programa YVera FonDeTur 2019 en el que quienes resulten seleccionados ser\u00e1n beneficiados con subsidios\u00a0 desde los $75.000 a $150.000.<\/p>\n\n\n\n<p>Este programa lanzado por la Secretar\u00eda de Turismo de la Naci\u00f3n se basa en la preselecci\u00f3n de proyectos tur\u00edsticos que fortalezcan y fomenten el desarrollo humano en el territorio.<\/p>\n\n\n\n<p>Pueden acceder emprendedores cuyos proyectos fortalezcan el desarrollo tur\u00edstico con especial consideraci\u00f3n a los proyectos individuales o asociativos presentados por mujeres. Entre las opciones se destacan proyectos vinculados al turismo gastron\u00f3mico, rural comunitario, activo y natural.\u00a0Adem\u00e1s son importantes para favorecer la elecci\u00f3n las iniciativas de postulantes que hayan realizado cursos, capacitaciones y\/o acciones sostenidas con relaci\u00f3n a la actividad tur\u00edstica.<\/p>\n\n\n\n<p><strong>\u00bfQui\u00e9nes pueden postularse?<\/strong>\u2022 Para Proyectos de Personas Humanas hasta $75.000\u2022 En el caso de grupos asociativos, el monto solicitado puede ser hasta $110.000\u2022 Personas jur\u00eddicas constituidas con o sin fines de lucro $150.000.<\/p>\n\n\n\n<p><strong>\u00bfEn que pueden aplicar el fondo?<\/strong>\u2022 Adquisici\u00f3n de bienes muebles que se consumen, gastan y o desaparecen conel uso y son necesarios para la producci\u00f3n y realizaci\u00f3n del proyecto\u2022 Construcci\u00f3n y mejoras edilicias para llevar a cabo el proyecto\u2022 Contrataci\u00f3n de bienes y\/o servicios de terceros indispensables para la ejecuci\u00f3n del proyecto.<\/p>\n\n\n\n<p><strong>Para m\u00e1s informaci\u00f3n y postulaci\u00f3n ingresar en\u00a0<\/strong><a rel=\"noreferrer noopener\" href=\"http:\/\/www.yvera.gob.ar\/fondetur\" target=\"_blank\"><strong>www.yvera.gob.ar\/fondetur\u00a0<\/strong><\/a><strong>O comunicarse a:Direcci\u00f3n de Turismo de la Municipalidad de San Pedro Mitre y Liniers &#8211; tel: (03329) 422050 Secretaria de Desarrollo Econ\u00f3mico de la Municipalidad de San Pedro Mitre 327 \u2013 Planta Alta &#8211; tel: (03329)422058<\/strong><br><\/p>\n","protected":false},"excerpt":{"rendered":"<p>La Secretar\u00eda de Desarrollo Econ\u00f3mico de la Municipalidad de San Pedro invita a trav\u00e9s de la Direcci\u00f3n de Turismo a la presentaci\u00f3n de proyectos para el programa YVera FonDeTur 2019 en el que quienes resulten seleccionados ser\u00e1n beneficiados con subsidios\u00a0 desde los $75.000 a $150.000. Este programa lanzado por la Secretar\u00eda de Turismo de la [&hellip;]<\/p>\n","protected":false},"author":4,"featured_media":50095,"comment_status":"open","ping_status":"closed","sticky":false,"template":"","format":"standard","meta":{"om_disable_all_campaigns":false,"_jetpack_memberships_contains_paid_content":false,"footnotes":""},"categories":[101,2],"tags":[],"class_list":["post-50094","post","type-post","status-publish","format-standard","has-post-thumbnail","hentry","category-interes-general-locales","category-locales"],"aioseo_notices":[],"gutentor_comment":0,"jetpack_featured_media_url":"https:\/\/eldiariodesanpedro.com.ar\/sitio\/wp-content\/uploads\/2019\/04\/FONDETUR.jpg","jetpack_shortlink":"https:\/\/wp.me\/p6RhLt-d1Y","jetpack_sharing_enabled":true,"_links":{"self":[{"href":"https:\/\/eldiariodesanpedro.com.ar\/sitio\/wp-json\/wp\/v2\/posts\/50094","targetHints":{"allow":["GET"]}}],"collection":[{"href":"https:\/\/eldiariodesanpedro.com.ar\/sitio\/wp-json\/wp\/v2\/posts"}],"about":[{"href":"https:\/\/eldiariodesanpedro.com.ar\/sitio\/wp-json\/wp\/v2\/types\/post"}],"author":[{"embeddable":true,"href":"https:\/\/eldiariodesanpedro.com.ar\/sitio\/wp-json\/wp\/v2\/users\/4"}],"replies":[{"embeddable":true,"href":"https:\/\/eldiariodesanpedro.com.ar\/sitio\/wp-json\/wp\/v2\/comments?post=50094"}],"version-history":[{"count":1,"href":"https:\/\/eldiariodesanpedro.com.ar\/sitio\/wp-json\/wp\/v2\/posts\/50094\/revisions"}],"predecessor-version":[{"id":50096,"href":"https:\/\/eldiariodesanpedro.com.ar\/sitio\/wp-json\/wp\/v2\/posts\/50094\/revisions\/50096"}],"wp:featuredmedia":[{"embeddable":true,"href":"https:\/\/eldiariodesanpedro.com.ar\/sitio\/wp-json\/wp\/v2\/media\/50095"}],"wp:attachment":[{"href":"https:\/\/eldiariodesanpedro.com.ar\/sitio\/wp-json\/wp\/v2\/media?parent=50094"}],"wp:term":[{"taxonomy":"category","embeddable":true,"href":"https:\/\/eldiariodesanpedro.com.ar\/sitio\/wp-json\/wp\/v2\/categories?post=50094"},{"taxonomy":"post_tag","embeddable":true,"href":"https:\/\/eldiariodesanpedro.com.ar\/sitio\/wp-json\/wp\/v2\/tags?post=50094"}],"curies":[{"name":"wp","href":"https:\/\/api.w.org\/{rel}","templated":true}]}}