{"id":50080,"date":"2019-04-04T09:32:41","date_gmt":"2019-04-04T12:32:41","guid":{"rendered":"https:\/\/eldiariodesanpedro.com.ar\/sitio\/?p=50080"},"modified":"2019-04-04T09:32:52","modified_gmt":"2019-04-04T12:32:52","slug":"el-centro-de-comercio-convoca-a-reuniones-sectoriales","status":"publish","type":"post","link":"https:\/\/eldiariodesanpedro.com.ar\/sitio\/el-centro-de-comercio-convoca-a-reuniones-sectoriales\/","title":{"rendered":"El Centro de Comercio convoca a reuniones sectoriales"},"content":{"rendered":"<!-- VideographyWP Plugin Message: Automatic video embedding prevented by plugin options. -->\n\n<p>El Centro de Comercio, Industria y Turismo de San Pedro informa e invita a los representantes de los sectores que forman parte de la econom\u00eda de nuestra ciudad, a participar de las reuniones programadas con el objetivo de generar un espacio de intercambio para compartir sus inquietudes, e\u00a0 impulsar acciones y gestiones en favor de su desarrollo.\u00a0\u00a0<\/p>\n\n\n\n<p>\n\nLa agenda propuesta es la siguiente:<\/p>\n\n\n\n<ul class=\"wp-block-list\"><li><strong>Mi\u00e9rcoles 10 de abril &#8211; 20 hs &#8211;<\/strong>&nbsp;Despensas, Autoservicios, Carnicer\u00edas y Verduler\u00edas<\/li><li><strong>Jueves 11 de abril &#8211;&nbsp; 20 hs &#8211;&nbsp;<\/strong>&nbsp;Hoteleros, Gastron\u00f3micos y afines del sector tur\u00edstico<\/li><li><strong>Mi\u00e9rcoles 17 de abril&nbsp; &#8211; 20 hs &#8211;<\/strong>&nbsp;&nbsp;Distribuidores Mayoristas, Estaciones de Servicio, Corralones y afines<\/li><li><strong>Jueves 18 de abril &#8211; 20 hs &#8211;&nbsp;<\/strong>Indumentaria y comercios relacionados con textiles y afines<\/li><li><strong>Martes 23 de abril \u2013 20 hs &#8211;<\/strong>&nbsp;Medios de Comunicaci\u00f3n&nbsp;<\/li><li><strong>Mi\u00e9rcoles 24 de abril \u2013 20 hs &#8211;<\/strong>&nbsp;Profesionales, Arquitectos, Inmobiliarios, Abogados, Contadores, Escribanos etc.<\/li><li><strong>Jueves 25 de abril \u2013 20 hs &#8211;&nbsp;<\/strong>Comercios de venta de productos y\/o insumos agropecuarios,&nbsp; regionales, viveristas etc.<\/li><li><strong>Martes 30 de abril \u2013 20 hs&nbsp;<\/strong>&#8211;&nbsp;Industrias, servicios relacionados, log\u00edstica, transporte, etc.<\/li><li><strong>Jueves 2 de Mayo \u2013 20 hs &#8211;&nbsp;<\/strong>Peque\u00f1os y medianos comercios en general, no comprendidos en los rubros anteriores (Ej. Kioscos, Electrodom\u00e9sticos, Computaci\u00f3n, Art\u00edculos Deportivos, Farmacias,&nbsp; Regaler\u00edas, Pinturer\u00edas, Ferreter\u00edas, Entretenimiento, Salones de Fiestas etc.)<\/li><\/ul>\n\n\n\n<p>La invitaci\u00f3n es abierta a socios y no socios de la instituci\u00f3n y la modalidad ser\u00e1 a trav\u00e9s de pre inscripci\u00f3n, para conformar los espacios apropiados para un intercambio acotado a la tem\u00e1tica planteada.&nbsp;&nbsp;<\/p>\n\n\n\n<p>Las sugerencias para la inclusi\u00f3n de rubros o la convocatoria a sectores no detallados en esta iniciativa ser\u00e1n bienvenidas.&nbsp;<\/p>\n\n\n\n<p>Los encuentros ser\u00e1n en el Auditorio H\u00e9ctor Padula y el horario de inicio ser\u00e1 respetado, por lo que agradecemos puntualidad.\u00a0\u00a0 <\/p>\n\n\n\n<figure class=\"wp-block-image\"><img decoding=\"async\" width=\"735\" height=\"1102\" data-attachment-id=\"50082\" data-permalink=\"https:\/\/eldiariodesanpedro.com.ar\/sitio\/el-centro-de-comercio-convoca-a-reuniones-sectoriales\/unnamed-84\/\" data-orig-file=\"https:\/\/eldiariodesanpedro.com.ar\/sitio\/wp-content\/uploads\/2019\/04\/unnamed-1.png\" data-orig-size=\"735,1102\" data-comments-opened=\"1\" data-image-meta=\"{&quot;aperture&quot;:&quot;0&quot;,&quot;credit&quot;:&quot;&quot;,&quot;camera&quot;:&quot;&quot;,&quot;caption&quot;:&quot;&quot;,&quot;created_timestamp&quot;:&quot;0&quot;,&quot;copyright&quot;:&quot;&quot;,&quot;focal_length&quot;:&quot;0&quot;,&quot;iso&quot;:&quot;0&quot;,&quot;shutter_speed&quot;:&quot;0&quot;,&quot;title&quot;:&quot;&quot;,&quot;orientation&quot;:&quot;0&quot;}\" data-image-title=\"unnamed\" data-image-description=\"\" data-image-caption=\"\" data-large-file=\"https:\/\/eldiariodesanpedro.com.ar\/sitio\/wp-content\/uploads\/2019\/04\/unnamed-1-683x1024.png\" data-src=\"https:\/\/i0.wp.com\/eldiariodesanpedro.com.ar\/sitio\/wp-content\/uploads\/2019\/04\/unnamed-1.png?fit=660%2C990\" alt=\"\" class=\"wp-image-50082 lazyload\" data-srcset=\"https:\/\/eldiariodesanpedro.com.ar\/sitio\/wp-content\/uploads\/2019\/04\/unnamed-1.png 735w, https:\/\/eldiariodesanpedro.com.ar\/sitio\/wp-content\/uploads\/2019\/04\/unnamed-1-200x300.png 200w, https:\/\/eldiariodesanpedro.com.ar\/sitio\/wp-content\/uploads\/2019\/04\/unnamed-1-683x1024.png 683w\" data-sizes=\"(max-width: 735px) 100vw, 735px\" src=\"data:image\/svg+xml;base64,PHN2ZyB3aWR0aD0iMSIgaGVpZ2h0PSIxIiB4bWxucz0iaHR0cDovL3d3dy53My5vcmcvMjAwMC9zdmciPjwvc3ZnPg==\" style=\"--smush-placeholder-width: 735px; --smush-placeholder-aspect-ratio: 735\/1102;\" \/><\/figure>\n","protected":false},"excerpt":{"rendered":"<p>El Centro de Comercio, Industria y Turismo de San Pedro informa e invita a los representantes de los sectores que forman parte de la econom\u00eda de nuestra ciudad, a participar de las reuniones programadas con el objetivo de generar un espacio de intercambio para compartir sus inquietudes, e\u00a0 impulsar acciones y gestiones en favor de [&hellip;]<\/p>\n","protected":false},"author":4,"featured_media":50083,"comment_status":"open","ping_status":"closed","sticky":false,"template":"","format":"standard","meta":{"om_disable_all_campaigns":false,"_jetpack_memberships_contains_paid_content":false,"footnotes":""},"categories":[101,2],"tags":[],"class_list":["post-50080","post","type-post","status-publish","format-standard","has-post-thumbnail","hentry","category-interes-general-locales","category-locales"],"aioseo_notices":[],"gutentor_comment":0,"jetpack_featured_media_url":"https:\/\/eldiariodesanpedro.com.ar\/sitio\/wp-content\/uploads\/2019\/04\/unnamed-1-1.png","jetpack_shortlink":"https:\/\/wp.me\/p6RhLt-d1K","jetpack_sharing_enabled":true,"_links":{"self":[{"href":"https:\/\/eldiariodesanpedro.com.ar\/sitio\/wp-json\/wp\/v2\/posts\/50080","targetHints":{"allow":["GET"]}}],"collection":[{"href":"https:\/\/eldiariodesanpedro.com.ar\/sitio\/wp-json\/wp\/v2\/posts"}],"about":[{"href":"https:\/\/eldiariodesanpedro.com.ar\/sitio\/wp-json\/wp\/v2\/types\/post"}],"author":[{"embeddable":true,"href":"https:\/\/eldiariodesanpedro.com.ar\/sitio\/wp-json\/wp\/v2\/users\/4"}],"replies":[{"embeddable":true,"href":"https:\/\/eldiariodesanpedro.com.ar\/sitio\/wp-json\/wp\/v2\/comments?post=50080"}],"version-history":[{"count":1,"href":"https:\/\/eldiariodesanpedro.com.ar\/sitio\/wp-json\/wp\/v2\/posts\/50080\/revisions"}],"predecessor-version":[{"id":50084,"href":"https:\/\/eldiariodesanpedro.com.ar\/sitio\/wp-json\/wp\/v2\/posts\/50080\/revisions\/50084"}],"wp:featuredmedia":[{"embeddable":true,"href":"https:\/\/eldiariodesanpedro.com.ar\/sitio\/wp-json\/wp\/v2\/media\/50083"}],"wp:attachment":[{"href":"https:\/\/eldiariodesanpedro.com.ar\/sitio\/wp-json\/wp\/v2\/media?parent=50080"}],"wp:term":[{"taxonomy":"category","embeddable":true,"href":"https:\/\/eldiariodesanpedro.com.ar\/sitio\/wp-json\/wp\/v2\/categories?post=50080"},{"taxonomy":"post_tag","embeddable":true,"href":"https:\/\/eldiariodesanpedro.com.ar\/sitio\/wp-json\/wp\/v2\/tags?post=50080"}],"curies":[{"name":"wp","href":"https:\/\/api.w.org\/{rel}","templated":true}]}}