{"id":50078,"date":"2019-04-04T09:31:16","date_gmt":"2019-04-04T12:31:16","guid":{"rendered":"https:\/\/eldiariodesanpedro.com.ar\/sitio\/?p=50078"},"modified":"2019-04-04T09:31:25","modified_gmt":"2019-04-04T12:31:25","slug":"se-recupero-una-moto-que-habia-sido-robada-desde-una-cochera","status":"publish","type":"post","link":"https:\/\/eldiariodesanpedro.com.ar\/sitio\/se-recupero-una-moto-que-habia-sido-robada-desde-una-cochera\/","title":{"rendered":"Se recupero una moto que hab\u00eda sido robada desde una cochera"},"content":{"rendered":"<!-- VideographyWP Plugin Message: Automatic video embedding prevented by plugin options. -->\n\n<p>En la ma\u00f1ana del mi\u00e9rcoles, el personal policial fue alertado tras un hecho delictivo que se hab\u00eda producido en una cochera de alquiler tras violentar el port\u00f3n.<\/p>\n\n\n\n<p>Delincuentes ignorados sustrajeron una motocicleta 200 cc d\u00e1ndose a la fuga r\u00e1pidamente, desde calle Boulebar Moreno al 200.<\/p>\n\n\n\n<p>Su propietario de 56 a\u00f1os de edad radico su denuncia en la dependencia local y tras tareas investigativas esta ma\u00f1ana se encontr\u00f3 el rodado abandonado sobre calle Emilio Ruffa al 1000.<\/p>\n\n\n\n<p>Toma intervenci\u00f3n la fiscalia en turno.<\/p>\n\n\n\n<p><br><\/p>\n","protected":false},"excerpt":{"rendered":"<p>En la ma\u00f1ana del mi\u00e9rcoles, el personal policial fue alertado tras un hecho delictivo que se hab\u00eda producido en una cochera de alquiler tras violentar el port\u00f3n. Delincuentes ignorados sustrajeron una motocicleta 200 cc d\u00e1ndose a la fuga r\u00e1pidamente, desde calle Boulebar Moreno al 200. Su propietario de 56 a\u00f1os de edad radico su denuncia [&hellip;]<\/p>\n","protected":false},"author":4,"featured_media":50074,"comment_status":"open","ping_status":"closed","sticky":false,"template":"","format":"standard","meta":{"om_disable_all_campaigns":false,"_jetpack_memberships_contains_paid_content":false,"footnotes":""},"categories":[2,103],"tags":[],"class_list":["post-50078","post","type-post","status-publish","format-standard","has-post-thumbnail","hentry","category-locales","category-policiales-locales"],"aioseo_notices":[],"gutentor_comment":0,"jetpack_featured_media_url":"https:\/\/eldiariodesanpedro.com.ar\/sitio\/wp-content\/uploads\/2019\/04\/WhatsApp-Image-2019-04-04-at-9.02.08-AM.jpeg","jetpack_shortlink":"https:\/\/wp.me\/p6RhLt-d1I","jetpack_sharing_enabled":true,"_links":{"self":[{"href":"https:\/\/eldiariodesanpedro.com.ar\/sitio\/wp-json\/wp\/v2\/posts\/50078","targetHints":{"allow":["GET"]}}],"collection":[{"href":"https:\/\/eldiariodesanpedro.com.ar\/sitio\/wp-json\/wp\/v2\/posts"}],"about":[{"href":"https:\/\/eldiariodesanpedro.com.ar\/sitio\/wp-json\/wp\/v2\/types\/post"}],"author":[{"embeddable":true,"href":"https:\/\/eldiariodesanpedro.com.ar\/sitio\/wp-json\/wp\/v2\/users\/4"}],"replies":[{"embeddable":true,"href":"https:\/\/eldiariodesanpedro.com.ar\/sitio\/wp-json\/wp\/v2\/comments?post=50078"}],"version-history":[{"count":1,"href":"https:\/\/eldiariodesanpedro.com.ar\/sitio\/wp-json\/wp\/v2\/posts\/50078\/revisions"}],"predecessor-version":[{"id":50081,"href":"https:\/\/eldiariodesanpedro.com.ar\/sitio\/wp-json\/wp\/v2\/posts\/50078\/revisions\/50081"}],"wp:featuredmedia":[{"embeddable":true,"href":"https:\/\/eldiariodesanpedro.com.ar\/sitio\/wp-json\/wp\/v2\/media\/50074"}],"wp:attachment":[{"href":"https:\/\/eldiariodesanpedro.com.ar\/sitio\/wp-json\/wp\/v2\/media?parent=50078"}],"wp:term":[{"taxonomy":"category","embeddable":true,"href":"https:\/\/eldiariodesanpedro.com.ar\/sitio\/wp-json\/wp\/v2\/categories?post=50078"},{"taxonomy":"post_tag","embeddable":true,"href":"https:\/\/eldiariodesanpedro.com.ar\/sitio\/wp-json\/wp\/v2\/tags?post=50078"}],"curies":[{"name":"wp","href":"https:\/\/api.w.org\/{rel}","templated":true}]}}