{"id":50073,"date":"2019-04-04T09:18:06","date_gmt":"2019-04-04T12:18:06","guid":{"rendered":"https:\/\/eldiariodesanpedro.com.ar\/sitio\/?p=50073"},"modified":"2019-04-04T09:18:17","modified_gmt":"2019-04-04T12:18:17","slug":"los-delincuentes-que-asaltaron-la-estacion-de-servicio-sol-son-de-baradero","status":"publish","type":"post","link":"https:\/\/eldiariodesanpedro.com.ar\/sitio\/los-delincuentes-que-asaltaron-la-estacion-de-servicio-sol-son-de-baradero\/","title":{"rendered":"Los delincuentes que asaltaron la estaci\u00f3n de servicio Sol, son de Baradero"},"content":{"rendered":"<!-- VideographyWP Plugin Message: Automatic video embedding prevented by plugin options. -->\n\n<p>El ultimo hecho delictivo en las estaciones de servicio de nuestra ciudad se vivi\u00f3 este lunes, all\u00ed pudieron constatar por las c\u00e1maras de seguridad a tres delincuentes donde ya se presum\u00eda que seg\u00fan fuentes investigativas serian de la vecina ciudad. Se diligenciaron allanamientos con resultado positivo, pero solo uno de ellos se encontraba en los domicilios.<\/p>\n\n\n\n<p>Recordemos que el fin de semana pasado tres estaciones fueron asaltadas, la primera fue en la madrugada del sabado, Bandera Blanca, ubicada en Pellegrini y Tres de Febrero, la segunda en la ex Petrobras (Estacion Puma), y la ultima se sumo este lunes en la Sol. <\/p>\n\n\n\n<p>Con la misma modalidad en los tres casos para delinquir, fueron descubiertos este mi\u00e9rcoles tras constatar en una de las c\u00e1maras de seguridad.<\/p>\n\n\n\n<p>La autoria se logra establecer tras un profundo an\u00e1lisis y tambi\u00e9n tras testimonios de fuentes investigativas donde ya se sospechaba que los malvivientes serian de la vecina localidad.<\/p>\n\n\n\n<p>En las c\u00e1maras se puede observar como tres delincuentes llegaban en motocicleta, como as\u00ed tambi\u00e9n se pudo identificarlos.<\/p>\n\n\n\n<p>Tras el r\u00e1pido accionar del personal policial que ya se encontraba realizando tareas investigativas en la ciudad de Baradero, se logro identificar los domicilios y en la tarde del mi\u00e9rcoles se realizaron allanamientos positivos.<\/p>\n\n\n\n<p>Como resultado se procedi\u00f3 al secuestro de prendas de vestir, que utilizaron  al momento del hecho,  como as\u00ed otros elementos de prueba y la motocicleta con la que se movilizaron para llegar y huir de la escena del hecho.  <\/p>\n\n\n\n<p>Solo uno de los delincuentes se encontro en uno de los domicilios, un joven de 21 a\u00f1os de edad que fue notificado y trasladado a la dependencia local.<\/p>\n\n\n\n<p>La polic\u00eda de comisaria continua con tareas investigando con el fin de lograr establecer que estos mismos delincuentes fueron los que cometieron il\u00edcito de la misma modalidad en esta ciudad.<\/p>\n\n\n\n<ul class=\"wp-block-gallery columns-2 is-cropped wp-block-gallery-1 is-layout-flex wp-block-gallery-is-layout-flex\"><li class=\"blocks-gallery-item\"><figure><img decoding=\"async\" width=\"607\" height=\"1024\" data-attachment-id=\"50076\" data-permalink=\"https:\/\/eldiariodesanpedro.com.ar\/sitio\/los-delincuentes-que-asaltaron-la-estacion-de-servicio-sol-son-de-baradero\/whatsapp-image-2019-04-04-at-9-06-05-am\/\" data-orig-file=\"https:\/\/eldiariodesanpedro.com.ar\/sitio\/wp-content\/uploads\/2019\/04\/WhatsApp-Image-2019-04-04-at-9.06.05-AM.jpeg\" data-orig-size=\"759,1280\" data-comments-opened=\"1\" data-image-meta=\"{&quot;aperture&quot;:&quot;0&quot;,&quot;credit&quot;:&quot;&quot;,&quot;camera&quot;:&quot;&quot;,&quot;caption&quot;:&quot;&quot;,&quot;created_timestamp&quot;:&quot;0&quot;,&quot;copyright&quot;:&quot;&quot;,&quot;focal_length&quot;:&quot;0&quot;,&quot;iso&quot;:&quot;0&quot;,&quot;shutter_speed&quot;:&quot;0&quot;,&quot;title&quot;:&quot;&quot;,&quot;orientation&quot;:&quot;0&quot;}\" data-image-title=\"WhatsApp Image 2019-04-04 at 9.06.05 AM\" data-image-description=\"\" data-image-caption=\"\" data-large-file=\"https:\/\/eldiariodesanpedro.com.ar\/sitio\/wp-content\/uploads\/2019\/04\/WhatsApp-Image-2019-04-04-at-9.06.05-AM-607x1024.jpeg\" data-src=\"https:\/\/eldiariodesanpedro.com.ar\/sitio\/wp-content\/uploads\/2019\/04\/WhatsApp-Image-2019-04-04-at-9.06.05-AM-607x1024.jpeg\" alt=\"\" data-id=\"50076\" data-link=\"https:\/\/eldiariodesanpedro.com.ar\/sitio\/?attachment_id=50076\" class=\"wp-image-50076 lazyload\" data-srcset=\"https:\/\/eldiariodesanpedro.com.ar\/sitio\/wp-content\/uploads\/2019\/04\/WhatsApp-Image-2019-04-04-at-9.06.05-AM-607x1024.jpeg 607w, https:\/\/eldiariodesanpedro.com.ar\/sitio\/wp-content\/uploads\/2019\/04\/WhatsApp-Image-2019-04-04-at-9.06.05-AM-178x300.jpeg 178w, https:\/\/eldiariodesanpedro.com.ar\/sitio\/wp-content\/uploads\/2019\/04\/WhatsApp-Image-2019-04-04-at-9.06.05-AM.jpeg 759w\" data-sizes=\"(max-width: 607px) 100vw, 607px\" src=\"data:image\/svg+xml;base64,PHN2ZyB3aWR0aD0iMSIgaGVpZ2h0PSIxIiB4bWxucz0iaHR0cDovL3d3dy53My5vcmcvMjAwMC9zdmciPjwvc3ZnPg==\" style=\"--smush-placeholder-width: 607px; --smush-placeholder-aspect-ratio: 607\/1024;\" \/><\/figure><\/li><li class=\"blocks-gallery-item\"><figure><img decoding=\"async\" width=\"1024\" height=\"704\" data-attachment-id=\"50075\" data-permalink=\"https:\/\/eldiariodesanpedro.com.ar\/sitio\/los-delincuentes-que-asaltaron-la-estacion-de-servicio-sol-son-de-baradero\/whatsapp-image-2019-04-04-at-9-06-05-am-1\/\" data-orig-file=\"https:\/\/eldiariodesanpedro.com.ar\/sitio\/wp-content\/uploads\/2019\/04\/WhatsApp-Image-2019-04-04-at-9.06.05-AM-1.jpeg\" data-orig-size=\"1280,880\" data-comments-opened=\"1\" data-image-meta=\"{&quot;aperture&quot;:&quot;0&quot;,&quot;credit&quot;:&quot;&quot;,&quot;camera&quot;:&quot;&quot;,&quot;caption&quot;:&quot;&quot;,&quot;created_timestamp&quot;:&quot;0&quot;,&quot;copyright&quot;:&quot;&quot;,&quot;focal_length&quot;:&quot;0&quot;,&quot;iso&quot;:&quot;0&quot;,&quot;shutter_speed&quot;:&quot;0&quot;,&quot;title&quot;:&quot;&quot;,&quot;orientation&quot;:&quot;0&quot;}\" data-image-title=\"WhatsApp Image 2019-04-04 at 9.06.05 AM (1)\" data-image-description=\"\" data-image-caption=\"\" data-large-file=\"https:\/\/eldiariodesanpedro.com.ar\/sitio\/wp-content\/uploads\/2019\/04\/WhatsApp-Image-2019-04-04-at-9.06.05-AM-1-1024x704.jpeg\" data-src=\"https:\/\/eldiariodesanpedro.com.ar\/sitio\/wp-content\/uploads\/2019\/04\/WhatsApp-Image-2019-04-04-at-9.06.05-AM-1-1024x704.jpeg\" alt=\"\" data-id=\"50075\" data-link=\"https:\/\/eldiariodesanpedro.com.ar\/sitio\/?attachment_id=50075\" class=\"wp-image-50075 lazyload\" data-srcset=\"https:\/\/eldiariodesanpedro.com.ar\/sitio\/wp-content\/uploads\/2019\/04\/WhatsApp-Image-2019-04-04-at-9.06.05-AM-1-1024x704.jpeg 1024w, https:\/\/eldiariodesanpedro.com.ar\/sitio\/wp-content\/uploads\/2019\/04\/WhatsApp-Image-2019-04-04-at-9.06.05-AM-1-300x206.jpeg 300w, https:\/\/eldiariodesanpedro.com.ar\/sitio\/wp-content\/uploads\/2019\/04\/WhatsApp-Image-2019-04-04-at-9.06.05-AM-1-768x528.jpeg 768w, https:\/\/eldiariodesanpedro.com.ar\/sitio\/wp-content\/uploads\/2019\/04\/WhatsApp-Image-2019-04-04-at-9.06.05-AM-1-130x90.jpeg 130w, https:\/\/eldiariodesanpedro.com.ar\/sitio\/wp-content\/uploads\/2019\/04\/WhatsApp-Image-2019-04-04-at-9.06.05-AM-1.jpeg 1280w\" data-sizes=\"(max-width: 1024px) 100vw, 1024px\" src=\"data:image\/svg+xml;base64,PHN2ZyB3aWR0aD0iMSIgaGVpZ2h0PSIxIiB4bWxucz0iaHR0cDovL3d3dy53My5vcmcvMjAwMC9zdmciPjwvc3ZnPg==\" style=\"--smush-placeholder-width: 1024px; --smush-placeholder-aspect-ratio: 1024\/704;\" \/><\/figure><\/li><\/ul>\n\n\n\n<p><br><\/p>\n","protected":false},"excerpt":{"rendered":"<p>El ultimo hecho delictivo en las estaciones de servicio de nuestra ciudad se vivi\u00f3 este lunes, all\u00ed pudieron constatar por las c\u00e1maras de seguridad a tres delincuentes donde ya se presum\u00eda que seg\u00fan fuentes investigativas serian de la vecina ciudad. Se diligenciaron allanamientos con resultado positivo, pero solo uno de ellos se encontraba en los [&hellip;]<\/p>\n","protected":false},"author":4,"featured_media":50075,"comment_status":"open","ping_status":"closed","sticky":false,"template":"","format":"standard","meta":{"om_disable_all_campaigns":false,"_jetpack_memberships_contains_paid_content":false,"footnotes":""},"categories":[50,2,103],"tags":[],"class_list":["post-50073","post","type-post","status-publish","format-standard","has-post-thumbnail","hentry","category-destacadas","category-locales","category-policiales-locales"],"aioseo_notices":[],"gutentor_comment":0,"jetpack_featured_media_url":"https:\/\/eldiariodesanpedro.com.ar\/sitio\/wp-content\/uploads\/2019\/04\/WhatsApp-Image-2019-04-04-at-9.06.05-AM-1.jpeg","jetpack_shortlink":"https:\/\/wp.me\/p6RhLt-d1D","jetpack_sharing_enabled":true,"_links":{"self":[{"href":"https:\/\/eldiariodesanpedro.com.ar\/sitio\/wp-json\/wp\/v2\/posts\/50073","targetHints":{"allow":["GET"]}}],"collection":[{"href":"https:\/\/eldiariodesanpedro.com.ar\/sitio\/wp-json\/wp\/v2\/posts"}],"about":[{"href":"https:\/\/eldiariodesanpedro.com.ar\/sitio\/wp-json\/wp\/v2\/types\/post"}],"author":[{"embeddable":true,"href":"https:\/\/eldiariodesanpedro.com.ar\/sitio\/wp-json\/wp\/v2\/users\/4"}],"replies":[{"embeddable":true,"href":"https:\/\/eldiariodesanpedro.com.ar\/sitio\/wp-json\/wp\/v2\/comments?post=50073"}],"version-history":[{"count":1,"href":"https:\/\/eldiariodesanpedro.com.ar\/sitio\/wp-json\/wp\/v2\/posts\/50073\/revisions"}],"predecessor-version":[{"id":50077,"href":"https:\/\/eldiariodesanpedro.com.ar\/sitio\/wp-json\/wp\/v2\/posts\/50073\/revisions\/50077"}],"wp:featuredmedia":[{"embeddable":true,"href":"https:\/\/eldiariodesanpedro.com.ar\/sitio\/wp-json\/wp\/v2\/media\/50075"}],"wp:attachment":[{"href":"https:\/\/eldiariodesanpedro.com.ar\/sitio\/wp-json\/wp\/v2\/media?parent=50073"}],"wp:term":[{"taxonomy":"category","embeddable":true,"href":"https:\/\/eldiariodesanpedro.com.ar\/sitio\/wp-json\/wp\/v2\/categories?post=50073"},{"taxonomy":"post_tag","embeddable":true,"href":"https:\/\/eldiariodesanpedro.com.ar\/sitio\/wp-json\/wp\/v2\/tags?post=50073"}],"curies":[{"name":"wp","href":"https:\/\/api.w.org\/{rel}","templated":true}]}}