{"id":50070,"date":"2019-04-04T08:45:24","date_gmt":"2019-04-04T11:45:24","guid":{"rendered":"https:\/\/eldiariodesanpedro.com.ar\/sitio\/?p=50070"},"modified":"2019-04-04T08:45:35","modified_gmt":"2019-04-04T11:45:35","slug":"salazar-y-silva-avanzaron-con-tramites-ante-la-escribania-general-de-gobierno-para-nuevas-escrituraciones","status":"publish","type":"post","link":"https:\/\/eldiariodesanpedro.com.ar\/sitio\/salazar-y-silva-avanzaron-con-tramites-ante-la-escribania-general-de-gobierno-para-nuevas-escrituraciones\/","title":{"rendered":"Salazar y Silva avanzaron con tr\u00e1mites ante la Escriban\u00eda General de Gobierno para nuevas escrituraciones"},"content":{"rendered":"<!-- VideographyWP Plugin Message: Automatic video embedding prevented by plugin options. -->\n\n<p>El Intendente Cecilio Salazar y el jefe de la Oficina de Escrituraciones Sociales de la Municipalidad de San Pedro Dr. Javier Silva, se entrevistaron este mi\u00e9rcoles 3 de abril en La Plata, con el Escribano General de Gobierno de la Provincia de Buenos Aires, Dr. Marcos Rospide.<\/p>\n\n\n\n<p>La reuni\u00f3n de trabajo fue planteada para relevar el estado de diversos tr\u00e1mites gratuitos para los vecinos e iniciados desde San Pedro, que incluir\u00e1n durante los meses de junio y julio, diferentes actos administrativos, muy esperados.<\/p>\n\n\n\n<p>Entre ellos, se incluye la escrituraci\u00f3n de los predios de Agricultores Club en Gobernador Castro, que han sido parte fundacional de la localidad y que por una iniciativa del Intendente iniciaron el proceso para arribar a la firma de la posesi\u00f3n legal y definitiva por parte de la instituci\u00f3n.<\/p>\n\n\n\n<p>Los mismos comenzaron en el 2012, pero en los \u00faltimos dos se agilizaron desde la Municipalidad todos los procesos para concluir la escrituraci\u00f3n y as\u00ed cumplir con este viejo anhelo de quienes formaron y forman parte de esta instituci\u00f3n.<\/p>\n\n\n\n<p>Se constat\u00f3 tambi\u00e9n la evoluci\u00f3n de los tr\u00e1mites iniciados en cinco manzanas de la zona de los barrios Am\u00e9rica y Las Canaletas en las que, tras el aval\u00fao fiscal de los lotes respectivos a cargo del BAPRO, se buscar\u00e1 la manera de ofrecer herramientas de financiaci\u00f3n para que los vecinos adquieran los mismos y se posibilite, primero la firma de boletos de compra &#8211; venta, y posteriormente la escrituraci\u00f3n.<\/p>\n\n\n\n<p>En fecha a confirmar durante el mes de junio se organizar\u00e1 un acto de entrega de documentaci\u00f3n y firma de tr\u00e1mites para una importante cantidad de tierras que tambi\u00e9n han cumplido con los procesos exigidos por la Provincia, y con la presencia de autoridades de la escriban\u00eda, se firmar\u00e1 la transferencia a favor de la Municipalidad de un predio de una manzana en Santa Luc\u00eda que tambi\u00e9n ser\u00e1 incluido en este plan.<\/p>\n\n\n\n<p>Finalmente se revis\u00f3 el estado de recepci\u00f3n de documentaci\u00f3n m\u00e1s de 350 tr\u00e1mites enviados que ya est\u00e1n en condiciones de ser transferidos desde el Instituto de la Vivienda a la Escriban\u00eda para ingresar en la etapa final previa a la escrituraci\u00f3n. <\/p>\n\n\n\n<figure class=\"wp-block-image\"><img decoding=\"async\" width=\"1280\" height=\"960\" data-attachment-id=\"50071\" data-permalink=\"https:\/\/eldiariodesanpedro.com.ar\/sitio\/salazar-y-silva-avanzaron-con-tramites-ante-la-escribania-general-de-gobierno-para-nuevas-escrituraciones\/escribania\/\" data-orig-file=\"https:\/\/eldiariodesanpedro.com.ar\/sitio\/wp-content\/uploads\/2019\/04\/ESCRIBANIA.jpg\" data-orig-size=\"1280,960\" data-comments-opened=\"1\" data-image-meta=\"{&quot;aperture&quot;:&quot;0&quot;,&quot;credit&quot;:&quot;&quot;,&quot;camera&quot;:&quot;&quot;,&quot;caption&quot;:&quot;&quot;,&quot;created_timestamp&quot;:&quot;0&quot;,&quot;copyright&quot;:&quot;&quot;,&quot;focal_length&quot;:&quot;0&quot;,&quot;iso&quot;:&quot;0&quot;,&quot;shutter_speed&quot;:&quot;0&quot;,&quot;title&quot;:&quot;&quot;,&quot;orientation&quot;:&quot;0&quot;}\" data-image-title=\"ESCRIBANIA\" data-image-description=\"\" data-image-caption=\"\" data-large-file=\"https:\/\/eldiariodesanpedro.com.ar\/sitio\/wp-content\/uploads\/2019\/04\/ESCRIBANIA-1024x768.jpg\" data-src=\"https:\/\/i0.wp.com\/eldiariodesanpedro.com.ar\/sitio\/wp-content\/uploads\/2019\/04\/ESCRIBANIA.jpg?fit=660%2C495\" alt=\"\" class=\"wp-image-50071 lazyload\" data-srcset=\"https:\/\/eldiariodesanpedro.com.ar\/sitio\/wp-content\/uploads\/2019\/04\/ESCRIBANIA.jpg 1280w, https:\/\/eldiariodesanpedro.com.ar\/sitio\/wp-content\/uploads\/2019\/04\/ESCRIBANIA-300x225.jpg 300w, https:\/\/eldiariodesanpedro.com.ar\/sitio\/wp-content\/uploads\/2019\/04\/ESCRIBANIA-768x576.jpg 768w, https:\/\/eldiariodesanpedro.com.ar\/sitio\/wp-content\/uploads\/2019\/04\/ESCRIBANIA-1024x768.jpg 1024w\" data-sizes=\"(max-width: 1280px) 100vw, 1280px\" src=\"data:image\/svg+xml;base64,PHN2ZyB3aWR0aD0iMSIgaGVpZ2h0PSIxIiB4bWxucz0iaHR0cDovL3d3dy53My5vcmcvMjAwMC9zdmciPjwvc3ZnPg==\" style=\"--smush-placeholder-width: 1280px; --smush-placeholder-aspect-ratio: 1280\/960;\" \/><\/figure>\n","protected":false},"excerpt":{"rendered":"<p>El Intendente Cecilio Salazar y el jefe de la Oficina de Escrituraciones Sociales de la Municipalidad de San Pedro Dr. Javier Silva, se entrevistaron este mi\u00e9rcoles 3 de abril en La Plata, con el Escribano General de Gobierno de la Provincia de Buenos Aires, Dr. Marcos Rospide. La reuni\u00f3n de trabajo fue planteada para relevar [&hellip;]<\/p>\n","protected":false},"author":4,"featured_media":50071,"comment_status":"open","ping_status":"closed","sticky":false,"template":"","format":"standard","meta":{"om_disable_all_campaigns":false,"_jetpack_memberships_contains_paid_content":false,"footnotes":""},"categories":[101,2],"tags":[],"class_list":["post-50070","post","type-post","status-publish","format-standard","has-post-thumbnail","hentry","category-interes-general-locales","category-locales"],"aioseo_notices":[],"gutentor_comment":0,"jetpack_featured_media_url":"https:\/\/eldiariodesanpedro.com.ar\/sitio\/wp-content\/uploads\/2019\/04\/ESCRIBANIA.jpg","jetpack_shortlink":"https:\/\/wp.me\/p6RhLt-d1A","jetpack_sharing_enabled":true,"_links":{"self":[{"href":"https:\/\/eldiariodesanpedro.com.ar\/sitio\/wp-json\/wp\/v2\/posts\/50070","targetHints":{"allow":["GET"]}}],"collection":[{"href":"https:\/\/eldiariodesanpedro.com.ar\/sitio\/wp-json\/wp\/v2\/posts"}],"about":[{"href":"https:\/\/eldiariodesanpedro.com.ar\/sitio\/wp-json\/wp\/v2\/types\/post"}],"author":[{"embeddable":true,"href":"https:\/\/eldiariodesanpedro.com.ar\/sitio\/wp-json\/wp\/v2\/users\/4"}],"replies":[{"embeddable":true,"href":"https:\/\/eldiariodesanpedro.com.ar\/sitio\/wp-json\/wp\/v2\/comments?post=50070"}],"version-history":[{"count":1,"href":"https:\/\/eldiariodesanpedro.com.ar\/sitio\/wp-json\/wp\/v2\/posts\/50070\/revisions"}],"predecessor-version":[{"id":50072,"href":"https:\/\/eldiariodesanpedro.com.ar\/sitio\/wp-json\/wp\/v2\/posts\/50070\/revisions\/50072"}],"wp:featuredmedia":[{"embeddable":true,"href":"https:\/\/eldiariodesanpedro.com.ar\/sitio\/wp-json\/wp\/v2\/media\/50071"}],"wp:attachment":[{"href":"https:\/\/eldiariodesanpedro.com.ar\/sitio\/wp-json\/wp\/v2\/media?parent=50070"}],"wp:term":[{"taxonomy":"category","embeddable":true,"href":"https:\/\/eldiariodesanpedro.com.ar\/sitio\/wp-json\/wp\/v2\/categories?post=50070"},{"taxonomy":"post_tag","embeddable":true,"href":"https:\/\/eldiariodesanpedro.com.ar\/sitio\/wp-json\/wp\/v2\/tags?post=50070"}],"curies":[{"name":"wp","href":"https:\/\/api.w.org\/{rel}","templated":true}]}}