{"id":50057,"date":"2019-04-03T18:29:08","date_gmt":"2019-04-03T21:29:08","guid":{"rendered":"https:\/\/eldiariodesanpedro.com.ar\/sitio\/?p=50057"},"modified":"2019-04-03T18:29:17","modified_gmt":"2019-04-03T21:29:17","slug":"visita-del-propietario-de-jan-de-nul-y-tramites-para-nacionalizar-su-draga-alvar-nunez-cabeza","status":"publish","type":"post","link":"https:\/\/eldiariodesanpedro.com.ar\/sitio\/visita-del-propietario-de-jan-de-nul-y-tramites-para-nacionalizar-su-draga-alvar-nunez-cabeza\/","title":{"rendered":"Visita del propietario de Jan de Nul y tr\u00e1mites para nacionalizar su draga \u00abAlvar N\u00fa\u00f1ez Cabeza\u00bb"},"content":{"rendered":"<!-- VideographyWP Plugin Message: Automatic video embedding prevented by plugin options. -->\n\n<p>El pasado lunes 1\u00ba de abril&nbsp; visit\u00f3 San Pedro y mantuvo entrevistas con autoridades locales, el titular y director de la empresa Jan de Nul,&nbsp; M.Sc. Pieter Jan De Nul.&nbsp;&nbsp;<br><br>Fue recibido por el Intendente Municipal Cecilio Salazar, el presidente del Consorcio de Gesti\u00f3n Eliseo Almada, el Secretario de Gobierno Silvio Corti (representante de la Municipalidad en el Consorcio), el jefe de la Aduana Walter Kissling, el jefe de la Prefectura San Pedro Alejandro Here\u00f1\u00f9 y los concejales&nbsp; de Cambiemos Dami\u00e1n Lafalce y Gerardo Pelletier.<\/p>\n\n\n\n<p>Jan de Nul ha mantenido una estrecha relaci\u00f3n con el puerto local y es el m\u00e1ximo responsable de la empresa propietaria de las dragas que realizan el mantenimiento de la Hidrov\u00eda y que tambi\u00e9n ha cumplido tareas en nuestro puerto.\u00a0<\/p>\n\n\n\n<p>Tras la reuni\u00f3n con las autoridades locales, recorri\u00f3 las instalaciones portuarias, en coincidencia con las tareas de mantenimiento abordo que peri\u00f3dicamente cumplen sus embarcaciones y para lo cual requieren el servicio de nuestro puerto.<\/p>\n\n\n\n<p>En la coyuntura actual y en la b\u00fasqueda de nuevas alternativas para recuperar movimiento para el Puerto de San Pedro, la charla fue muy interesante para compartir informaci\u00f3n sobre la situaci\u00f3n que se atraviesa, y generar a trav\u00e9s de sus contactos, nuevas relaciones que contribuyan con estas gestiones, que no se detienen.<\/p>\n\n\n\n<p>La empresa Jan de Nul, sostiene con el Puerto de San Pedro a trav\u00e9s de los \u00faltimos a\u00f1os una relaci\u00f3n en la que siempre han mostrado predisposici\u00f3n con las diferentes contingencias generales que se han ido presentando.\u00a0<\/p>\n\n\n\n<p>El compromiso asumido es seguir trabajando de la misma manera para contar con su colaboraci\u00f3n, para revertir la actual situaci\u00f3n que ocupa a las autoridades locales.<\/p>\n\n\n\n<p>En estos momentos la draga Alvar N\u00fa\u00f1ez Cabeza de Vaca que actualmente posee bandera de Luxemburgo, se encuentra realizando los tr\u00e1mites de \u00abR\u00e9gimen de Bandera\u00bb para nacionalizarse y as\u00ed poder operar en la zona con costos considerablemente inferiores a los que se han debido afrontar en los dragados anteriores.\u00a0<\/p>\n\n\n\n<figure class=\"wp-block-image\"><img decoding=\"async\" width=\"1024\" height=\"764\" data-attachment-id=\"50059\" data-permalink=\"https:\/\/eldiariodesanpedro.com.ar\/sitio\/visita-del-propietario-de-jan-de-nul-y-tramites-para-nacionalizar-su-draga-alvar-nunez-cabeza\/jandenul-2\/\" data-orig-file=\"https:\/\/eldiariodesanpedro.com.ar\/sitio\/wp-content\/uploads\/2019\/04\/JANDENUL-2.jpeg\" data-orig-size=\"1280,955\" data-comments-opened=\"1\" data-image-meta=\"{&quot;aperture&quot;:&quot;0&quot;,&quot;credit&quot;:&quot;&quot;,&quot;camera&quot;:&quot;&quot;,&quot;caption&quot;:&quot;&quot;,&quot;created_timestamp&quot;:&quot;0&quot;,&quot;copyright&quot;:&quot;&quot;,&quot;focal_length&quot;:&quot;0&quot;,&quot;iso&quot;:&quot;0&quot;,&quot;shutter_speed&quot;:&quot;0&quot;,&quot;title&quot;:&quot;&quot;,&quot;orientation&quot;:&quot;0&quot;}\" data-image-title=\"JANDENUL (2)\" data-image-description=\"\" data-image-caption=\"\" data-large-file=\"https:\/\/eldiariodesanpedro.com.ar\/sitio\/wp-content\/uploads\/2019\/04\/JANDENUL-2-1024x764.jpeg\" data-src=\"https:\/\/eldiariodesanpedro.com.ar\/sitio\/wp-content\/uploads\/2019\/04\/JANDENUL-2-1024x764.jpeg\" alt=\"\" class=\"wp-image-50059 lazyload\" data-srcset=\"https:\/\/eldiariodesanpedro.com.ar\/sitio\/wp-content\/uploads\/2019\/04\/JANDENUL-2-1024x764.jpeg 1024w, https:\/\/eldiariodesanpedro.com.ar\/sitio\/wp-content\/uploads\/2019\/04\/JANDENUL-2-300x224.jpeg 300w, https:\/\/eldiariodesanpedro.com.ar\/sitio\/wp-content\/uploads\/2019\/04\/JANDENUL-2-768x573.jpeg 768w, https:\/\/eldiariodesanpedro.com.ar\/sitio\/wp-content\/uploads\/2019\/04\/JANDENUL-2.jpeg 1280w\" data-sizes=\"(max-width: 1024px) 100vw, 1024px\" src=\"data:image\/svg+xml;base64,PHN2ZyB3aWR0aD0iMSIgaGVpZ2h0PSIxIiB4bWxucz0iaHR0cDovL3d3dy53My5vcmcvMjAwMC9zdmciPjwvc3ZnPg==\" style=\"--smush-placeholder-width: 1024px; --smush-placeholder-aspect-ratio: 1024\/764;\" \/><\/figure>\n\n\n\n<figure class=\"wp-block-image\"><img decoding=\"async\" width=\"1024\" height=\"683\" data-attachment-id=\"50060\" data-permalink=\"https:\/\/eldiariodesanpedro.com.ar\/sitio\/visita-del-propietario-de-jan-de-nul-y-tramites-para-nacionalizar-su-draga-alvar-nunez-cabeza\/jandenul-3\/\" data-orig-file=\"https:\/\/eldiariodesanpedro.com.ar\/sitio\/wp-content\/uploads\/2019\/04\/JANDENUL-3.jpeg\" data-orig-size=\"1152,768\" data-comments-opened=\"1\" data-image-meta=\"{&quot;aperture&quot;:&quot;0&quot;,&quot;credit&quot;:&quot;&quot;,&quot;camera&quot;:&quot;&quot;,&quot;caption&quot;:&quot;&quot;,&quot;created_timestamp&quot;:&quot;0&quot;,&quot;copyright&quot;:&quot;&quot;,&quot;focal_length&quot;:&quot;0&quot;,&quot;iso&quot;:&quot;0&quot;,&quot;shutter_speed&quot;:&quot;0&quot;,&quot;title&quot;:&quot;&quot;,&quot;orientation&quot;:&quot;0&quot;}\" data-image-title=\"JANDENUL (3)\" data-image-description=\"\" data-image-caption=\"\" data-large-file=\"https:\/\/eldiariodesanpedro.com.ar\/sitio\/wp-content\/uploads\/2019\/04\/JANDENUL-3-1024x683.jpeg\" data-src=\"https:\/\/eldiariodesanpedro.com.ar\/sitio\/wp-content\/uploads\/2019\/04\/JANDENUL-3-1024x683.jpeg\" alt=\"\" class=\"wp-image-50060 lazyload\" data-srcset=\"https:\/\/eldiariodesanpedro.com.ar\/sitio\/wp-content\/uploads\/2019\/04\/JANDENUL-3-1024x683.jpeg 1024w, https:\/\/eldiariodesanpedro.com.ar\/sitio\/wp-content\/uploads\/2019\/04\/JANDENUL-3-300x200.jpeg 300w, https:\/\/eldiariodesanpedro.com.ar\/sitio\/wp-content\/uploads\/2019\/04\/JANDENUL-3-768x512.jpeg 768w, https:\/\/eldiariodesanpedro.com.ar\/sitio\/wp-content\/uploads\/2019\/04\/JANDENUL-3.jpeg 1152w\" data-sizes=\"(max-width: 1024px) 100vw, 1024px\" src=\"data:image\/svg+xml;base64,PHN2ZyB3aWR0aD0iMSIgaGVpZ2h0PSIxIiB4bWxucz0iaHR0cDovL3d3dy53My5vcmcvMjAwMC9zdmciPjwvc3ZnPg==\" style=\"--smush-placeholder-width: 1024px; --smush-placeholder-aspect-ratio: 1024\/683;\" \/><\/figure>\n","protected":false},"excerpt":{"rendered":"<p>El pasado lunes 1\u00ba de abril&nbsp; visit\u00f3 San Pedro y mantuvo entrevistas con autoridades locales, el titular y director de la empresa Jan de Nul,&nbsp; M.Sc. Pieter Jan De Nul.&nbsp;&nbsp; Fue recibido por el Intendente Municipal Cecilio Salazar, el presidente del Consorcio de Gesti\u00f3n Eliseo Almada, el Secretario de Gobierno Silvio Corti (representante de la [&hellip;]<\/p>\n","protected":false},"author":4,"featured_media":50058,"comment_status":"open","ping_status":"closed","sticky":false,"template":"","format":"standard","meta":{"om_disable_all_campaigns":false,"_jetpack_memberships_contains_paid_content":false,"footnotes":""},"categories":[101,2],"tags":[],"class_list":["post-50057","post","type-post","status-publish","format-standard","has-post-thumbnail","hentry","category-interes-general-locales","category-locales"],"aioseo_notices":[],"gutentor_comment":0,"jetpack_featured_media_url":"https:\/\/eldiariodesanpedro.com.ar\/sitio\/wp-content\/uploads\/2019\/04\/JANDENUL-4.jpeg","jetpack_shortlink":"https:\/\/wp.me\/p6RhLt-d1n","jetpack_sharing_enabled":true,"_links":{"self":[{"href":"https:\/\/eldiariodesanpedro.com.ar\/sitio\/wp-json\/wp\/v2\/posts\/50057","targetHints":{"allow":["GET"]}}],"collection":[{"href":"https:\/\/eldiariodesanpedro.com.ar\/sitio\/wp-json\/wp\/v2\/posts"}],"about":[{"href":"https:\/\/eldiariodesanpedro.com.ar\/sitio\/wp-json\/wp\/v2\/types\/post"}],"author":[{"embeddable":true,"href":"https:\/\/eldiariodesanpedro.com.ar\/sitio\/wp-json\/wp\/v2\/users\/4"}],"replies":[{"embeddable":true,"href":"https:\/\/eldiariodesanpedro.com.ar\/sitio\/wp-json\/wp\/v2\/comments?post=50057"}],"version-history":[{"count":1,"href":"https:\/\/eldiariodesanpedro.com.ar\/sitio\/wp-json\/wp\/v2\/posts\/50057\/revisions"}],"predecessor-version":[{"id":50061,"href":"https:\/\/eldiariodesanpedro.com.ar\/sitio\/wp-json\/wp\/v2\/posts\/50057\/revisions\/50061"}],"wp:featuredmedia":[{"embeddable":true,"href":"https:\/\/eldiariodesanpedro.com.ar\/sitio\/wp-json\/wp\/v2\/media\/50058"}],"wp:attachment":[{"href":"https:\/\/eldiariodesanpedro.com.ar\/sitio\/wp-json\/wp\/v2\/media?parent=50057"}],"wp:term":[{"taxonomy":"category","embeddable":true,"href":"https:\/\/eldiariodesanpedro.com.ar\/sitio\/wp-json\/wp\/v2\/categories?post=50057"},{"taxonomy":"post_tag","embeddable":true,"href":"https:\/\/eldiariodesanpedro.com.ar\/sitio\/wp-json\/wp\/v2\/tags?post=50057"}],"curies":[{"name":"wp","href":"https:\/\/api.w.org\/{rel}","templated":true}]}}