{"id":50054,"date":"2019-04-03T18:17:04","date_gmt":"2019-04-03T21:17:04","guid":{"rendered":"https:\/\/eldiariodesanpedro.com.ar\/sitio\/?p=50054"},"modified":"2019-04-03T18:17:16","modified_gmt":"2019-04-03T21:17:16","slug":"uatre-aclaro-que-shata-no-tiene-jurisdiccion-en-la-zona","status":"publish","type":"post","link":"https:\/\/eldiariodesanpedro.com.ar\/sitio\/uatre-aclaro-que-shata-no-tiene-jurisdiccion-en-la-zona\/","title":{"rendered":"UATRE aclar\u00f3 que SHATA no tiene jurisdicci\u00f3n en la zona"},"content":{"rendered":"<!-- VideographyWP Plugin Message: Automatic video embedding prevented by plugin options. -->\n\n<p>Este mi\u00e9rcoles se llev\u00f3 a cabo una conferencia de prensa en la sede local de UATRE donde se trato de dejar en claro cuestiones en torno a la aparici\u00f3n del gremio SHATA que buscar\u00eda representar tambi\u00e9n a los trabajadores rurales en la regi\u00f3n.<\/p>\n\n\n\n<p>Este mi\u00e9rcoles por la ma\u00f1ana en la sede local de UATRE ubicada en calle Bottaro y Alvarado se realiz\u00f3 una conferencia de prensa con la presencia del Intendente Cecilio Salazar quien  hizo de orador principal acompa\u00f1ado por el Delegado Regional Biorlegui y otros secretarios de la las delegaciones vecinas.  Salazar aclar\u00f3 que su rol es oficializar como nexo entre las partes y colaborar con este tema ya que \u00e9l se encuentra de licencia como Secretario General, adem\u00e1s tambi\u00e9n asegur\u00f3 que este gremio no tiene afiliados en la zona.<\/p>\n\n\n\n<p>\u201cEs un sindicato paralelo que hoy no tiene extensi\u00f3n se zona, solamente est\u00e1 en la provincia de Buenos Aires, en La Plata principalmente hay una resoluci\u00f3n del Ministerio de Trabajo que ha derogado la extensi\u00f3n de zona que fue otorgada por el kirchnerismo en su momento, por el momento no tiene jurisdicci\u00f3n en la zona, el \u00fanico gremio que los representa a los trabajadores rurales es UATRE en toda nuestra zona\u201d. declaro Biorlegui<\/p>\n\n\n\n<figure class=\"wp-block-embed-facebook wp-block-embed is-type-video is-provider-facebook\"><div class=\"wp-block-embed__wrapper\">\n<div class=\"fb-video\" data-allowfullscreen=\"true\" data-href=\"https:\/\/www.facebook.com\/eldiario.desanpedro\/videos\/555517521603143\/\" style=\"background-color: #fff; display: inline-block;\"><\/div>\n<\/div><\/figure>\n","protected":false},"excerpt":{"rendered":"<p>Este mi\u00e9rcoles se llev\u00f3 a cabo una conferencia de prensa en la sede local de UATRE donde se trato de dejar en claro cuestiones en torno a la aparici\u00f3n del gremio SHATA que buscar\u00eda representar tambi\u00e9n a los trabajadores rurales en la regi\u00f3n. Este mi\u00e9rcoles por la ma\u00f1ana en la sede local de UATRE ubicada [&hellip;]<\/p>\n","protected":false},"author":4,"featured_media":50055,"comment_status":"open","ping_status":"closed","sticky":false,"template":"","format":"standard","meta":{"om_disable_all_campaigns":false,"_jetpack_memberships_contains_paid_content":false,"footnotes":""},"categories":[50,101,2],"tags":[],"class_list":["post-50054","post","type-post","status-publish","format-standard","has-post-thumbnail","hentry","category-destacadas","category-interes-general-locales","category-locales"],"aioseo_notices":[],"gutentor_comment":0,"jetpack_featured_media_url":"https:\/\/eldiariodesanpedro.com.ar\/sitio\/wp-content\/uploads\/2019\/04\/WhatsApp-Image-2019-04-03-at-17.55.561.jpeg","jetpack_shortlink":"https:\/\/wp.me\/p6RhLt-d1k","jetpack_sharing_enabled":true,"_links":{"self":[{"href":"https:\/\/eldiariodesanpedro.com.ar\/sitio\/wp-json\/wp\/v2\/posts\/50054","targetHints":{"allow":["GET"]}}],"collection":[{"href":"https:\/\/eldiariodesanpedro.com.ar\/sitio\/wp-json\/wp\/v2\/posts"}],"about":[{"href":"https:\/\/eldiariodesanpedro.com.ar\/sitio\/wp-json\/wp\/v2\/types\/post"}],"author":[{"embeddable":true,"href":"https:\/\/eldiariodesanpedro.com.ar\/sitio\/wp-json\/wp\/v2\/users\/4"}],"replies":[{"embeddable":true,"href":"https:\/\/eldiariodesanpedro.com.ar\/sitio\/wp-json\/wp\/v2\/comments?post=50054"}],"version-history":[{"count":1,"href":"https:\/\/eldiariodesanpedro.com.ar\/sitio\/wp-json\/wp\/v2\/posts\/50054\/revisions"}],"predecessor-version":[{"id":50056,"href":"https:\/\/eldiariodesanpedro.com.ar\/sitio\/wp-json\/wp\/v2\/posts\/50054\/revisions\/50056"}],"wp:featuredmedia":[{"embeddable":true,"href":"https:\/\/eldiariodesanpedro.com.ar\/sitio\/wp-json\/wp\/v2\/media\/50055"}],"wp:attachment":[{"href":"https:\/\/eldiariodesanpedro.com.ar\/sitio\/wp-json\/wp\/v2\/media?parent=50054"}],"wp:term":[{"taxonomy":"category","embeddable":true,"href":"https:\/\/eldiariodesanpedro.com.ar\/sitio\/wp-json\/wp\/v2\/categories?post=50054"},{"taxonomy":"post_tag","embeddable":true,"href":"https:\/\/eldiariodesanpedro.com.ar\/sitio\/wp-json\/wp\/v2\/tags?post=50054"}],"curies":[{"name":"wp","href":"https:\/\/api.w.org\/{rel}","templated":true}]}}