{"id":50051,"date":"2019-04-03T18:02:58","date_gmt":"2019-04-03T21:02:58","guid":{"rendered":"https:\/\/eldiariodesanpedro.com.ar\/sitio\/?p=50051"},"modified":"2019-04-03T18:03:08","modified_gmt":"2019-04-03T21:03:08","slug":"entrega-de-libros-para-establecimientos-educativos-y-anuncio-de-futuros-talleres-barriales","status":"publish","type":"post","link":"https:\/\/eldiariodesanpedro.com.ar\/sitio\/entrega-de-libros-para-establecimientos-educativos-y-anuncio-de-futuros-talleres-barriales\/","title":{"rendered":"Entrega de libros para establecimientos educativos y anuncio de futuros talleres barriales"},"content":{"rendered":"<!-- VideographyWP Plugin Message: Automatic video embedding prevented by plugin options. -->\n\n<p>En el flamante Centro Cultural Abelardo Castillo, con la presencia de la Directora de Cultura Majo Mora y los concejales Natalia Claverini, Dami\u00e1n Mosquera y Florencia S\u00e1nchez, se realizaron los anuncios que abre la inscripci\u00f3n para talleristas interesados en dar clases en los barrios de nuestra ciudad.<\/p>\n\n\n\n<p>El Fondo de Promoci\u00f3n Cultural servir\u00e1 ahora para financiar talleres en los barrios. As\u00ed lo anunciaron este mi\u00e9rcoles en conferencia de prensa en el Centro Cultural Abelardo Castillo.&nbsp;<\/p>\n\n\n\n<p>Los interesados en brindar talleres deber\u00e1n presentar sus proyectos en la Direcci\u00f3n de Cultura, en Salta y Arnaldo.\u00a0<\/p>\n\n\n\n<p>Ademas tambi\u00e9n la Direcci\u00f3n de Cultura realiz\u00f3 la entrega, a las escuelas de la ciudad, de ejemplares del libro \u201cAntolog\u00eda de Cuentos Sampedrinos 2018\u201d y que as\u00ed pueda estar disponible en los establecimientos educativos.<\/p>\n\n\n\n<p>Este libro surge de una idea de la Direcci\u00f3n de Cultura con la intenci\u00f3n de acercar a los autores de nuestra localidad a los propios sampedrinos. <\/p>\n","protected":false},"excerpt":{"rendered":"<p>En el flamante Centro Cultural Abelardo Castillo, con la presencia de la Directora de Cultura Majo Mora y los concejales Natalia Claverini, Dami\u00e1n Mosquera y Florencia S\u00e1nchez, se realizaron los anuncios que abre la inscripci\u00f3n para talleristas interesados en dar clases en los barrios de nuestra ciudad. El Fondo de Promoci\u00f3n Cultural servir\u00e1 ahora para [&hellip;]<\/p>\n","protected":false},"author":4,"featured_media":50052,"comment_status":"open","ping_status":"closed","sticky":false,"template":"","format":"standard","meta":{"om_disable_all_campaigns":false,"_jetpack_memberships_contains_paid_content":false,"footnotes":""},"categories":[101,2],"tags":[],"class_list":["post-50051","post","type-post","status-publish","format-standard","has-post-thumbnail","hentry","category-interes-general-locales","category-locales"],"aioseo_notices":[],"gutentor_comment":0,"jetpack_featured_media_url":"https:\/\/eldiariodesanpedro.com.ar\/sitio\/wp-content\/uploads\/2019\/04\/WhatsApp-Image-2019-04-03-at-17.55.56.jpeg","jetpack_shortlink":"https:\/\/wp.me\/p6RhLt-d1h","jetpack_sharing_enabled":true,"_links":{"self":[{"href":"https:\/\/eldiariodesanpedro.com.ar\/sitio\/wp-json\/wp\/v2\/posts\/50051","targetHints":{"allow":["GET"]}}],"collection":[{"href":"https:\/\/eldiariodesanpedro.com.ar\/sitio\/wp-json\/wp\/v2\/posts"}],"about":[{"href":"https:\/\/eldiariodesanpedro.com.ar\/sitio\/wp-json\/wp\/v2\/types\/post"}],"author":[{"embeddable":true,"href":"https:\/\/eldiariodesanpedro.com.ar\/sitio\/wp-json\/wp\/v2\/users\/4"}],"replies":[{"embeddable":true,"href":"https:\/\/eldiariodesanpedro.com.ar\/sitio\/wp-json\/wp\/v2\/comments?post=50051"}],"version-history":[{"count":1,"href":"https:\/\/eldiariodesanpedro.com.ar\/sitio\/wp-json\/wp\/v2\/posts\/50051\/revisions"}],"predecessor-version":[{"id":50053,"href":"https:\/\/eldiariodesanpedro.com.ar\/sitio\/wp-json\/wp\/v2\/posts\/50051\/revisions\/50053"}],"wp:featuredmedia":[{"embeddable":true,"href":"https:\/\/eldiariodesanpedro.com.ar\/sitio\/wp-json\/wp\/v2\/media\/50052"}],"wp:attachment":[{"href":"https:\/\/eldiariodesanpedro.com.ar\/sitio\/wp-json\/wp\/v2\/media?parent=50051"}],"wp:term":[{"taxonomy":"category","embeddable":true,"href":"https:\/\/eldiariodesanpedro.com.ar\/sitio\/wp-json\/wp\/v2\/categories?post=50051"},{"taxonomy":"post_tag","embeddable":true,"href":"https:\/\/eldiariodesanpedro.com.ar\/sitio\/wp-json\/wp\/v2\/tags?post=50051"}],"curies":[{"name":"wp","href":"https:\/\/api.w.org\/{rel}","templated":true}]}}