{"id":50048,"date":"2019-04-03T17:38:58","date_gmt":"2019-04-03T20:38:58","guid":{"rendered":"https:\/\/eldiariodesanpedro.com.ar\/sitio\/?p=50048"},"modified":"2019-04-03T17:39:08","modified_gmt":"2019-04-03T20:39:08","slug":"san-pedro-tuvo-el-menor-aumento-de-la-tasa-de-red-vial-en-la-provincia","status":"publish","type":"post","link":"https:\/\/eldiariodesanpedro.com.ar\/sitio\/san-pedro-tuvo-el-menor-aumento-de-la-tasa-de-red-vial-en-la-provincia\/","title":{"rendered":"San Pedro tuvo el menor aumento de la tasa de Red Vial en la Provincia"},"content":{"rendered":"<!-- VideographyWP Plugin Message: Automatic video embedding prevented by plugin options. -->\n\n<p>Delegados y Directores de la Sociedad Rural Argentina (SRA), realizaron un relevamiento sobre el precio de la Tasa Vial 2019, mediante el cual se obtuvieron datos de 43 partidos de la Provincia de Buenos Aires.\u00a0El Instituto de Estudios Econ\u00f3micos de la SRA proces\u00f3 los datos y dividi\u00f3 los partidos en tres grupos:\u00a0<\/p>\n\n\n\n<ul class=\"wp-block-list\"><li>En el primer grupo se encuentran los partidos que aumentaron por encima del 55%, con unos 18 partidos, entre los cuales est\u00e1n Coronel Su\u00e1rez (90%); Alberti (83%); Saladillo (78%); Trenque Lauquen (75%) y Villarino (74%), entre otros.<\/li><li>El segundo grupo son los que aumentaron entre 55% y 35%, en este caso son unos 14 partidos, entre los cuales est\u00e1n Jun\u00edn (50%); Florentino Ameghino (48%), Tapalqu\u00e9 (45%) y Col\u00f3n (45%), entre otros.<\/li><li>Dentro del tercer grupo est\u00e1n los partidos que aumentaron por debajo del 35%. En este caso son unos 11 partidos entre los cuales est\u00e1n Leandro N. Alem (35%); San Nicol\u00e1s (35%); Carlos Casares (35%); y General Alvear (35%), entre otros.<\/li><\/ul>\n","protected":false},"excerpt":{"rendered":"<p>Delegados y Directores de la Sociedad Rural Argentina (SRA), realizaron un relevamiento sobre el precio de la Tasa Vial 2019, mediante el cual se obtuvieron datos de 43 partidos de la Provincia de Buenos Aires.\u00a0El Instituto de Estudios Econ\u00f3micos de la SRA proces\u00f3 los datos y dividi\u00f3 los partidos en tres grupos:\u00a0 En el primer [&hellip;]<\/p>\n","protected":false},"author":4,"featured_media":50049,"comment_status":"open","ping_status":"closed","sticky":false,"template":"","format":"standard","meta":{"om_disable_all_campaigns":false,"_jetpack_memberships_contains_paid_content":false,"footnotes":""},"categories":[621],"tags":[],"class_list":["post-50048","post","type-post","status-publish","format-standard","has-post-thumbnail","hentry","category-regionales"],"aioseo_notices":[],"gutentor_comment":0,"jetpack_featured_media_url":"https:\/\/eldiariodesanpedro.com.ar\/sitio\/wp-content\/uploads\/2019\/04\/unnamed.jpg","jetpack_shortlink":"https:\/\/wp.me\/p6RhLt-d1e","jetpack_sharing_enabled":true,"_links":{"self":[{"href":"https:\/\/eldiariodesanpedro.com.ar\/sitio\/wp-json\/wp\/v2\/posts\/50048","targetHints":{"allow":["GET"]}}],"collection":[{"href":"https:\/\/eldiariodesanpedro.com.ar\/sitio\/wp-json\/wp\/v2\/posts"}],"about":[{"href":"https:\/\/eldiariodesanpedro.com.ar\/sitio\/wp-json\/wp\/v2\/types\/post"}],"author":[{"embeddable":true,"href":"https:\/\/eldiariodesanpedro.com.ar\/sitio\/wp-json\/wp\/v2\/users\/4"}],"replies":[{"embeddable":true,"href":"https:\/\/eldiariodesanpedro.com.ar\/sitio\/wp-json\/wp\/v2\/comments?post=50048"}],"version-history":[{"count":1,"href":"https:\/\/eldiariodesanpedro.com.ar\/sitio\/wp-json\/wp\/v2\/posts\/50048\/revisions"}],"predecessor-version":[{"id":50050,"href":"https:\/\/eldiariodesanpedro.com.ar\/sitio\/wp-json\/wp\/v2\/posts\/50048\/revisions\/50050"}],"wp:featuredmedia":[{"embeddable":true,"href":"https:\/\/eldiariodesanpedro.com.ar\/sitio\/wp-json\/wp\/v2\/media\/50049"}],"wp:attachment":[{"href":"https:\/\/eldiariodesanpedro.com.ar\/sitio\/wp-json\/wp\/v2\/media?parent=50048"}],"wp:term":[{"taxonomy":"category","embeddable":true,"href":"https:\/\/eldiariodesanpedro.com.ar\/sitio\/wp-json\/wp\/v2\/categories?post=50048"},{"taxonomy":"post_tag","embeddable":true,"href":"https:\/\/eldiariodesanpedro.com.ar\/sitio\/wp-json\/wp\/v2\/tags?post=50048"}],"curies":[{"name":"wp","href":"https:\/\/api.w.org\/{rel}","templated":true}]}}