{"id":50042,"date":"2019-04-03T17:17:19","date_gmt":"2019-04-03T20:17:19","guid":{"rendered":"https:\/\/eldiariodesanpedro.com.ar\/sitio\/?p=50042"},"modified":"2019-04-03T17:17:30","modified_gmt":"2019-04-03T20:17:30","slug":"baradero-comenzo-la-danza-de-nombres-para-ocupar-la-direccion-de-cultura","status":"publish","type":"post","link":"https:\/\/eldiariodesanpedro.com.ar\/sitio\/baradero-comenzo-la-danza-de-nombres-para-ocupar-la-direccion-de-cultura\/","title":{"rendered":"BARADERO: Comenz\u00f3 la danza de nombres para ocupar la direcci\u00f3n de Cultura"},"content":{"rendered":"<!-- VideographyWP Plugin Message: Automatic video embedding prevented by plugin options. -->\n\n<p>\n\nHace unos d\u00edas, m\u00e1s precisamente el viernes 28 de abril, d\u00e1bamos cuenta de la desvinculaci\u00f3n de Julio \u00c1vila como director de Cultura; decisi\u00f3n adoptada por el Ejecutivo local debido a la falta de resultados en la gesti\u00f3n y con el objetivo puesto en lograr una \u2018oxigenaci\u00f3n\u2019 en el \u00e1rea para hacerla m\u00e1s efectiva en cuanto al trabajo.<\/p>\n\n\n\n<p>Por \u00e9ste motivo, el lugar que ocup\u00f3 hasta hace unos d\u00edas \u00c1vila, qued\u00f3 ac\u00e9falo, aunque Marcos Barlatay lo absorbi\u00f3 moment\u00e1neamente hasta tanto lograr encontrar qui\u00e9n lo pueda dirigir, debido a que adem\u00e1s como secretario, Marcos tiene a cargo las \u00e1reas de Turismo, Educaci\u00f3n y Deportes, por lo que debe estar abocado intensamente en todos los sectores como lo ha hecho desde el inicio de la gesti\u00f3n.<\/p>\n\n\n\n<p>El \u2018bolillero\u2019 comenz\u00f3 a dar vueltas, las cartas comenzaron a echarse sobre la mesa, y \u00e9stos son algunos de los nombres en danza, entre otros, que se analizan desde el Ejecutivo para que ocupen la direcci\u00f3n de Cultura.<\/p>\n\n\n\n<p>Fuente: Baradero Hoy<\/p>\n","protected":false},"excerpt":{"rendered":"<p>Hace unos d\u00edas, m\u00e1s precisamente el viernes 28 de abril, d\u00e1bamos cuenta de la desvinculaci\u00f3n de Julio \u00c1vila como director de Cultura; decisi\u00f3n adoptada por el Ejecutivo local debido a la falta de resultados en la gesti\u00f3n y con el objetivo puesto en lograr una \u2018oxigenaci\u00f3n\u2019 en el \u00e1rea para hacerla m\u00e1s efectiva en cuanto [&hellip;]<\/p>\n","protected":false},"author":4,"featured_media":50043,"comment_status":"open","ping_status":"closed","sticky":false,"template":"","format":"standard","meta":{"om_disable_all_campaigns":false,"_jetpack_memberships_contains_paid_content":false,"footnotes":""},"categories":[621],"tags":[],"class_list":["post-50042","post","type-post","status-publish","format-standard","has-post-thumbnail","hentry","category-regionales"],"aioseo_notices":[],"gutentor_comment":0,"jetpack_featured_media_url":"https:\/\/eldiariodesanpedro.com.ar\/sitio\/wp-content\/uploads\/2019\/04\/izzo-carretti-penalva-1.jpg","jetpack_shortlink":"https:\/\/wp.me\/p6RhLt-d18","jetpack_sharing_enabled":true,"_links":{"self":[{"href":"https:\/\/eldiariodesanpedro.com.ar\/sitio\/wp-json\/wp\/v2\/posts\/50042","targetHints":{"allow":["GET"]}}],"collection":[{"href":"https:\/\/eldiariodesanpedro.com.ar\/sitio\/wp-json\/wp\/v2\/posts"}],"about":[{"href":"https:\/\/eldiariodesanpedro.com.ar\/sitio\/wp-json\/wp\/v2\/types\/post"}],"author":[{"embeddable":true,"href":"https:\/\/eldiariodesanpedro.com.ar\/sitio\/wp-json\/wp\/v2\/users\/4"}],"replies":[{"embeddable":true,"href":"https:\/\/eldiariodesanpedro.com.ar\/sitio\/wp-json\/wp\/v2\/comments?post=50042"}],"version-history":[{"count":1,"href":"https:\/\/eldiariodesanpedro.com.ar\/sitio\/wp-json\/wp\/v2\/posts\/50042\/revisions"}],"predecessor-version":[{"id":50044,"href":"https:\/\/eldiariodesanpedro.com.ar\/sitio\/wp-json\/wp\/v2\/posts\/50042\/revisions\/50044"}],"wp:featuredmedia":[{"embeddable":true,"href":"https:\/\/eldiariodesanpedro.com.ar\/sitio\/wp-json\/wp\/v2\/media\/50043"}],"wp:attachment":[{"href":"https:\/\/eldiariodesanpedro.com.ar\/sitio\/wp-json\/wp\/v2\/media?parent=50042"}],"wp:term":[{"taxonomy":"category","embeddable":true,"href":"https:\/\/eldiariodesanpedro.com.ar\/sitio\/wp-json\/wp\/v2\/categories?post=50042"},{"taxonomy":"post_tag","embeddable":true,"href":"https:\/\/eldiariodesanpedro.com.ar\/sitio\/wp-json\/wp\/v2\/tags?post=50042"}],"curies":[{"name":"wp","href":"https:\/\/api.w.org\/{rel}","templated":true}]}}