{"id":50037,"date":"2019-04-03T17:14:27","date_gmt":"2019-04-03T20:14:27","guid":{"rendered":"https:\/\/eldiariodesanpedro.com.ar\/sitio\/?p=50037"},"modified":"2019-04-03T17:14:38","modified_gmt":"2019-04-03T20:14:38","slug":"campana-se-realizo-la-6-caminata-por-el-dia-mundial-del-sindrome-de-down","status":"publish","type":"post","link":"https:\/\/eldiariodesanpedro.com.ar\/sitio\/campana-se-realizo-la-6-caminata-por-el-dia-mundial-del-sindrome-de-down\/","title":{"rendered":"CAMPANA: Se realiz\u00f3 la 6\u00b0 Caminata por el D\u00eda Mundial del S\u00edndrome de Down"},"content":{"rendered":"<!-- VideographyWP Plugin Message: Automatic video embedding prevented by plugin options. -->\n\n<p>\n\nOrganizado por M\u00f3nica Navarro, mam\u00e1 de Juan Manuel, un peque\u00f1o con S\u00edndrome de Down, cientos de personas se dieron cita a la tradicional convocatoria. Con el colorido de las murgas, y la participaci\u00f3n de distintas organizaciones que trabajan con personas con discapacidad, el lema fue \u201cTodos Somos Iguales, porque Todos Somos Diferentes\u201d.<\/p>\n\n\n\n<p>La Sexta Caminata por el D\u00eda Mundial del S\u00edndrome de Down tuvo lugar el pasado Domingo, en la Plaza Eduardo Costa. Si bien se conmemora cada 21 de Marzo, la fecha debi\u00f3 movilizarse al coincidir con las actividades previas al D\u00eda de la Memoria.<\/p>\n\n\n\n<p>Y si hablamos de movilizarse, fueron cientos los vecinos que llegaron a la Plaza el soleado d\u00eda, para cumplir con la iniciativa que fundara M\u00f3nica Navarro, mam\u00e1 de Juan Manuel, un peque\u00f1o con S\u00edndrome de Down. Su idea naci\u00f3 en 2013, y su intenci\u00f3n, llamar la atenci\u00f3n, concientizar, y as\u00ed, incluir e igualar los derechos de las personas con discapacidad.<\/p>\n\n\n\n<p>Varios funcionarios del Municipio tambi\u00e9n participaron de la actividad. El Secretario de Salud, Ernesto Meiraldi; la Secretaria de Desarrollo Social, Cecilia Aciardi; el Director General de Desarrollo Humano, Mariano Fiore, y la Directora de Discapacidad, M\u00e1rgara Pons. Adem\u00e1s, se sumaron los concejales del bloque PJ-Unidad Ciudadana, Rub\u00e9n Romano y Romina Carrizo.<\/p>\n\n\n\n<p>Pero sin dudas, el colorido protagonismo lo tuvieron las distintas murgas que fueron parte de la jornada: Murga Esperanza (del Grupo Esperanza), Estrellas Descontroladas de Villanueva, Los Elegantes de Las Praderas, Al Mar\u00ed del Lubo, Los So\u00f1adores de San Felipe, Centro Murga Carumb\u00e9, y Alma Murguera de Ing. Maschwitz, acompa\u00f1aron con su ritmo y alegr\u00eda. Tambi\u00e9n dijeron presentes los integrantes del Programa \u201cSoy Joven, Soy Voluntario\u201d que impulsa la Direcci\u00f3n de Juventud del Municipio, y los queridos Payam\u00e9dicos.&nbsp;<\/p>\n\n\n\n<p>Tras la vuelta simb\u00f3lica a la Plaza, Navarro agradeci\u00f3 a los presentes, e invit\u00f3 a redoblar los esfuerzos para seguir trabajando por la igualdad y la inclusi\u00f3n. Por \u00faltimo, y en lenguaje de se\u00f1as, agradeci\u00f3 una vez m\u00e1s.<\/p>\n\n\n\n<p>La Plaza cont\u00f3 con la presencia de Artesanos y Foods Trucks. El ballet El Card\u00f3n de Z\u00e1rate, deslumbr\u00f3 con la actuaci\u00f3n de Sebasti\u00e1n, un joven bailar\u00edn con S\u00edndrome de Down que arranc\u00f3 aplausos a los presentes. Finalmente, la banda Dilema comparti\u00f3 sus canciones con el p\u00fablico.<\/p>\n\n\n\n<p>Carteles, banderas, y consignas pudieron verse en una colorida tarde donde los mensajes fueron varios, pero el objetivo uno solo: que de una vez por todas, la sociedad comprenda que \u201cTodos Somos Iguales, porque Todos Somos Diferentes\u201d. <\/p>\n\n\n\n<figure class=\"wp-block-image\"><img decoding=\"async\" width=\"470\" height=\"353\" data-attachment-id=\"50039\" data-permalink=\"https:\/\/eldiariodesanpedro.com.ar\/sitio\/campana-se-realizo-la-6-caminata-por-el-dia-mundial-del-sindrome-de-down\/attachment\/20190402102012\/\" data-orig-file=\"https:\/\/eldiariodesanpedro.com.ar\/sitio\/wp-content\/uploads\/2019\/04\/20190402102012.jpg\" data-orig-size=\"470,353\" data-comments-opened=\"1\" data-image-meta=\"{&quot;aperture&quot;:&quot;0&quot;,&quot;credit&quot;:&quot;&quot;,&quot;camera&quot;:&quot;&quot;,&quot;caption&quot;:&quot;&quot;,&quot;created_timestamp&quot;:&quot;0&quot;,&quot;copyright&quot;:&quot;&quot;,&quot;focal_length&quot;:&quot;0&quot;,&quot;iso&quot;:&quot;0&quot;,&quot;shutter_speed&quot;:&quot;0&quot;,&quot;title&quot;:&quot;&quot;,&quot;orientation&quot;:&quot;0&quot;}\" data-image-title=\"20190402102012\" data-image-description=\"\" data-image-caption=\"\" data-large-file=\"https:\/\/eldiariodesanpedro.com.ar\/sitio\/wp-content\/uploads\/2019\/04\/20190402102012.jpg\" data-src=\"https:\/\/eldiariodesanpedro.com.ar\/sitio\/wp-content\/uploads\/2019\/04\/20190402102012.jpg\" alt=\"\" class=\"wp-image-50039 lazyload\" data-srcset=\"https:\/\/eldiariodesanpedro.com.ar\/sitio\/wp-content\/uploads\/2019\/04\/20190402102012.jpg 470w, https:\/\/eldiariodesanpedro.com.ar\/sitio\/wp-content\/uploads\/2019\/04\/20190402102012-300x225.jpg 300w\" data-sizes=\"(max-width: 470px) 100vw, 470px\" src=\"data:image\/svg+xml;base64,PHN2ZyB3aWR0aD0iMSIgaGVpZ2h0PSIxIiB4bWxucz0iaHR0cDovL3d3dy53My5vcmcvMjAwMC9zdmciPjwvc3ZnPg==\" style=\"--smush-placeholder-width: 470px; --smush-placeholder-aspect-ratio: 470\/353;\" \/><\/figure>\n\n\n\n<figure class=\"wp-block-image\"><img decoding=\"async\" width=\"470\" height=\"348\" data-attachment-id=\"50040\" data-permalink=\"https:\/\/eldiariodesanpedro.com.ar\/sitio\/campana-se-realizo-la-6-caminata-por-el-dia-mundial-del-sindrome-de-down\/attachment\/20190402102034\/\" data-orig-file=\"https:\/\/eldiariodesanpedro.com.ar\/sitio\/wp-content\/uploads\/2019\/04\/20190402102034.jpg\" data-orig-size=\"470,348\" data-comments-opened=\"1\" data-image-meta=\"{&quot;aperture&quot;:&quot;0&quot;,&quot;credit&quot;:&quot;&quot;,&quot;camera&quot;:&quot;&quot;,&quot;caption&quot;:&quot;&quot;,&quot;created_timestamp&quot;:&quot;0&quot;,&quot;copyright&quot;:&quot;&quot;,&quot;focal_length&quot;:&quot;0&quot;,&quot;iso&quot;:&quot;0&quot;,&quot;shutter_speed&quot;:&quot;0&quot;,&quot;title&quot;:&quot;&quot;,&quot;orientation&quot;:&quot;0&quot;}\" data-image-title=\"20190402102034\" data-image-description=\"\" data-image-caption=\"\" data-large-file=\"https:\/\/eldiariodesanpedro.com.ar\/sitio\/wp-content\/uploads\/2019\/04\/20190402102034.jpg\" data-src=\"https:\/\/eldiariodesanpedro.com.ar\/sitio\/wp-content\/uploads\/2019\/04\/20190402102034.jpg\" alt=\"\" class=\"wp-image-50040 lazyload\" data-srcset=\"https:\/\/eldiariodesanpedro.com.ar\/sitio\/wp-content\/uploads\/2019\/04\/20190402102034.jpg 470w, https:\/\/eldiariodesanpedro.com.ar\/sitio\/wp-content\/uploads\/2019\/04\/20190402102034-300x222.jpg 300w\" data-sizes=\"(max-width: 470px) 100vw, 470px\" src=\"data:image\/svg+xml;base64,PHN2ZyB3aWR0aD0iMSIgaGVpZ2h0PSIxIiB4bWxucz0iaHR0cDovL3d3dy53My5vcmcvMjAwMC9zdmciPjwvc3ZnPg==\" style=\"--smush-placeholder-width: 470px; --smush-placeholder-aspect-ratio: 470\/348;\" \/><\/figure>\n","protected":false},"excerpt":{"rendered":"<p>Organizado por M\u00f3nica Navarro, mam\u00e1 de Juan Manuel, un peque\u00f1o con S\u00edndrome de Down, cientos de personas se dieron cita a la tradicional convocatoria. Con el colorido de las murgas, y la participaci\u00f3n de distintas organizaciones que trabajan con personas con discapacidad, el lema fue \u201cTodos Somos Iguales, porque Todos Somos Diferentes\u201d. La Sexta Caminata [&hellip;]<\/p>\n","protected":false},"author":4,"featured_media":50038,"comment_status":"open","ping_status":"closed","sticky":false,"template":"","format":"standard","meta":{"om_disable_all_campaigns":false,"_jetpack_memberships_contains_paid_content":false,"footnotes":""},"categories":[621],"tags":[],"class_list":["post-50037","post","type-post","status-publish","format-standard","has-post-thumbnail","hentry","category-regionales"],"aioseo_notices":[],"gutentor_comment":0,"jetpack_featured_media_url":"https:\/\/eldiariodesanpedro.com.ar\/sitio\/wp-content\/uploads\/2019\/04\/20190402101932.jpg","jetpack_shortlink":"https:\/\/wp.me\/p6RhLt-d13","jetpack_sharing_enabled":true,"_links":{"self":[{"href":"https:\/\/eldiariodesanpedro.com.ar\/sitio\/wp-json\/wp\/v2\/posts\/50037","targetHints":{"allow":["GET"]}}],"collection":[{"href":"https:\/\/eldiariodesanpedro.com.ar\/sitio\/wp-json\/wp\/v2\/posts"}],"about":[{"href":"https:\/\/eldiariodesanpedro.com.ar\/sitio\/wp-json\/wp\/v2\/types\/post"}],"author":[{"embeddable":true,"href":"https:\/\/eldiariodesanpedro.com.ar\/sitio\/wp-json\/wp\/v2\/users\/4"}],"replies":[{"embeddable":true,"href":"https:\/\/eldiariodesanpedro.com.ar\/sitio\/wp-json\/wp\/v2\/comments?post=50037"}],"version-history":[{"count":1,"href":"https:\/\/eldiariodesanpedro.com.ar\/sitio\/wp-json\/wp\/v2\/posts\/50037\/revisions"}],"predecessor-version":[{"id":50041,"href":"https:\/\/eldiariodesanpedro.com.ar\/sitio\/wp-json\/wp\/v2\/posts\/50037\/revisions\/50041"}],"wp:featuredmedia":[{"embeddable":true,"href":"https:\/\/eldiariodesanpedro.com.ar\/sitio\/wp-json\/wp\/v2\/media\/50038"}],"wp:attachment":[{"href":"https:\/\/eldiariodesanpedro.com.ar\/sitio\/wp-json\/wp\/v2\/media?parent=50037"}],"wp:term":[{"taxonomy":"category","embeddable":true,"href":"https:\/\/eldiariodesanpedro.com.ar\/sitio\/wp-json\/wp\/v2\/categories?post=50037"},{"taxonomy":"post_tag","embeddable":true,"href":"https:\/\/eldiariodesanpedro.com.ar\/sitio\/wp-json\/wp\/v2\/tags?post=50037"}],"curies":[{"name":"wp","href":"https:\/\/api.w.org\/{rel}","templated":true}]}}