{"id":50032,"date":"2019-04-03T17:10:04","date_gmt":"2019-04-03T20:10:04","guid":{"rendered":"https:\/\/eldiariodesanpedro.com.ar\/sitio\/?p=50032"},"modified":"2019-04-03T17:10:10","modified_gmt":"2019-04-03T20:10:10","slug":"baradero-fallecio-axel-barreto","status":"publish","type":"post","link":"https:\/\/eldiariodesanpedro.com.ar\/sitio\/baradero-fallecio-axel-barreto\/","title":{"rendered":"BARADERO: Falleci\u00f3 Axel Barreto"},"content":{"rendered":"<!-- VideographyWP Plugin Message: Automatic video embedding prevented by plugin options. -->\n\n<p>El joven que estaba internado en terapia intensiva del hospital municipal falleci\u00f3 a las 13:00 Hs de hoy, aproximadamente.<\/p>\n\n\n\n<p>Axel, que comenz\u00f3 el jueves con los primeros s\u00edntomas de un cuadro viral, que se sospecha sea Hantavirus, hab\u00eda experimentado alguna mejor\u00eda respecto de su salud.<\/p>\n\n\n\n<p>Por eso las autoridades del hospital aceptaron el traslado bajo la conformidad de los familiares del joven.<\/p>\n\n\n\n<p>Pasado el mediod\u00eda una ambulancia parti\u00f3 para el Hospital San Felipe de la ciudad de San Nicol\u00e1s pero a los pocos minutos regres\u00f3 por que Axel sufri\u00f3 una descompensaci\u00f3n.<\/p>\n\n\n\n<p>Volvi\u00f3 a ingresar a terapia intensiva pero a pesar de los esfuerzos realizados perdi\u00f3 la vida.<\/p>\n\n\n\n<p>Desde BTI hacemos llegar nuestro m\u00e1s sentido p\u00e9same a la familia y amigos del joven Axel Barreto.<\/p>\n","protected":false},"excerpt":{"rendered":"<p>El joven que estaba internado en terapia intensiva del hospital municipal falleci\u00f3 a las 13:00 Hs de hoy, aproximadamente. Axel, que comenz\u00f3 el jueves con los primeros s\u00edntomas de un cuadro viral, que se sospecha sea Hantavirus, hab\u00eda experimentado alguna mejor\u00eda respecto de su salud. Por eso las autoridades del hospital aceptaron el traslado bajo [&hellip;]<\/p>\n","protected":false},"author":4,"featured_media":50015,"comment_status":"open","ping_status":"closed","sticky":false,"template":"","format":"standard","meta":{"om_disable_all_campaigns":false,"_jetpack_memberships_contains_paid_content":false,"footnotes":""},"categories":[621],"tags":[],"class_list":["post-50032","post","type-post","status-publish","format-standard","has-post-thumbnail","hentry","category-regionales"],"aioseo_notices":[],"gutentor_comment":0,"jetpack_featured_media_url":"https:\/\/eldiariodesanpedro.com.ar\/sitio\/wp-content\/uploads\/2019\/04\/56353997_416459069088694_7003851513739083776_n.jpg","jetpack_shortlink":"https:\/\/wp.me\/p6RhLt-d0Y","jetpack_sharing_enabled":true,"_links":{"self":[{"href":"https:\/\/eldiariodesanpedro.com.ar\/sitio\/wp-json\/wp\/v2\/posts\/50032","targetHints":{"allow":["GET"]}}],"collection":[{"href":"https:\/\/eldiariodesanpedro.com.ar\/sitio\/wp-json\/wp\/v2\/posts"}],"about":[{"href":"https:\/\/eldiariodesanpedro.com.ar\/sitio\/wp-json\/wp\/v2\/types\/post"}],"author":[{"embeddable":true,"href":"https:\/\/eldiariodesanpedro.com.ar\/sitio\/wp-json\/wp\/v2\/users\/4"}],"replies":[{"embeddable":true,"href":"https:\/\/eldiariodesanpedro.com.ar\/sitio\/wp-json\/wp\/v2\/comments?post=50032"}],"version-history":[{"count":1,"href":"https:\/\/eldiariodesanpedro.com.ar\/sitio\/wp-json\/wp\/v2\/posts\/50032\/revisions"}],"predecessor-version":[{"id":50033,"href":"https:\/\/eldiariodesanpedro.com.ar\/sitio\/wp-json\/wp\/v2\/posts\/50032\/revisions\/50033"}],"wp:featuredmedia":[{"embeddable":true,"href":"https:\/\/eldiariodesanpedro.com.ar\/sitio\/wp-json\/wp\/v2\/media\/50015"}],"wp:attachment":[{"href":"https:\/\/eldiariodesanpedro.com.ar\/sitio\/wp-json\/wp\/v2\/media?parent=50032"}],"wp:term":[{"taxonomy":"category","embeddable":true,"href":"https:\/\/eldiariodesanpedro.com.ar\/sitio\/wp-json\/wp\/v2\/categories?post=50032"},{"taxonomy":"post_tag","embeddable":true,"href":"https:\/\/eldiariodesanpedro.com.ar\/sitio\/wp-json\/wp\/v2\/tags?post=50032"}],"curies":[{"name":"wp","href":"https:\/\/api.w.org\/{rel}","templated":true}]}}