{"id":50029,"date":"2019-04-03T17:07:11","date_gmt":"2019-04-03T20:07:11","guid":{"rendered":"https:\/\/eldiariodesanpedro.com.ar\/sitio\/?p=50029"},"modified":"2019-04-03T17:07:20","modified_gmt":"2019-04-03T20:07:20","slug":"san-nicolas-el-palacio-municipal-se-vistio-de-azul","status":"publish","type":"post","link":"https:\/\/eldiariodesanpedro.com.ar\/sitio\/san-nicolas-el-palacio-municipal-se-vistio-de-azul\/","title":{"rendered":"SAN NICOLAS:  El Palacio Municipal se visti\u00f3 de azul"},"content":{"rendered":"<!-- VideographyWP Plugin Message: Automatic video embedding prevented by plugin options. -->\n\n<p>\n\nDesde el atardecer de este martes 2 de abril, el Palacio Municipal, en Rivadavia y Pellegrini, qued\u00f3 iluminado de azul para acompa\u00f1ar en el D\u00eda Internacional de Concienciaci\u00f3n del Autismo.<\/p>\n\n\n\n<p>La iniciativa surgi\u00f3 del grupo de padres TGD-TEA San Nicol\u00e1s que propuso que el edificio de Rivadavia y Pellegrini fuera iluminado con este color que representa a la lucha contra el autismo y por lo cual durante la jornada se iluminar\u00e1n de azul otros edificios importantes entre ellos la Casa Rosada y el Congreso.<\/p>\n\n\n\n<p>\u201cEl 2 de abril fue elegido por la ONU para celebrar el D\u00eda Internacional de Concienciaci\u00f3n sobre el autismo, para que todos hablemos y la sociedad se informe. Fue elegido el color azul para identificar al autismo porque representa al mar, es cambiante, en d\u00edas de verano es tranquilo y en d\u00edas de tormenta m\u00e1s agitado. Y as\u00ed son nuestras vidas diarias: nuestros hijos tienen d\u00edas lindos y toda la familia marcha en paz, y a veces ellos tienen crisis o dificultades para afrontar el d\u00eda y tambi\u00e9n afecta a la familia\u201d, explic\u00f3 Patricia S\u00e1nchez, integrante del grupo TGD-TEA. <\/p>\n\n\n\n<p>Fuente: Diario EL Informante<\/p>\n","protected":false},"excerpt":{"rendered":"<p>Desde el atardecer de este martes 2 de abril, el Palacio Municipal, en Rivadavia y Pellegrini, qued\u00f3 iluminado de azul para acompa\u00f1ar en el D\u00eda Internacional de Concienciaci\u00f3n del Autismo. La iniciativa surgi\u00f3 del grupo de padres TGD-TEA San Nicol\u00e1s que propuso que el edificio de Rivadavia y Pellegrini fuera iluminado con este color que [&hellip;]<\/p>\n","protected":false},"author":4,"featured_media":50030,"comment_status":"open","ping_status":"closed","sticky":false,"template":"","format":"standard","meta":{"om_disable_all_campaigns":false,"_jetpack_memberships_contains_paid_content":false,"footnotes":""},"categories":[621],"tags":[],"class_list":["post-50029","post","type-post","status-publish","format-standard","has-post-thumbnail","hentry","category-regionales"],"aioseo_notices":[],"gutentor_comment":0,"jetpack_featured_media_url":"https:\/\/eldiariodesanpedro.com.ar\/sitio\/wp-content\/uploads\/2019\/04\/no_6bmr2gim6wmxx2vmuni_azul.jpg","jetpack_shortlink":"https:\/\/wp.me\/p6RhLt-d0V","jetpack_sharing_enabled":true,"_links":{"self":[{"href":"https:\/\/eldiariodesanpedro.com.ar\/sitio\/wp-json\/wp\/v2\/posts\/50029","targetHints":{"allow":["GET"]}}],"collection":[{"href":"https:\/\/eldiariodesanpedro.com.ar\/sitio\/wp-json\/wp\/v2\/posts"}],"about":[{"href":"https:\/\/eldiariodesanpedro.com.ar\/sitio\/wp-json\/wp\/v2\/types\/post"}],"author":[{"embeddable":true,"href":"https:\/\/eldiariodesanpedro.com.ar\/sitio\/wp-json\/wp\/v2\/users\/4"}],"replies":[{"embeddable":true,"href":"https:\/\/eldiariodesanpedro.com.ar\/sitio\/wp-json\/wp\/v2\/comments?post=50029"}],"version-history":[{"count":1,"href":"https:\/\/eldiariodesanpedro.com.ar\/sitio\/wp-json\/wp\/v2\/posts\/50029\/revisions"}],"predecessor-version":[{"id":50031,"href":"https:\/\/eldiariodesanpedro.com.ar\/sitio\/wp-json\/wp\/v2\/posts\/50029\/revisions\/50031"}],"wp:featuredmedia":[{"embeddable":true,"href":"https:\/\/eldiariodesanpedro.com.ar\/sitio\/wp-json\/wp\/v2\/media\/50030"}],"wp:attachment":[{"href":"https:\/\/eldiariodesanpedro.com.ar\/sitio\/wp-json\/wp\/v2\/media?parent=50029"}],"wp:term":[{"taxonomy":"category","embeddable":true,"href":"https:\/\/eldiariodesanpedro.com.ar\/sitio\/wp-json\/wp\/v2\/categories?post=50029"},{"taxonomy":"post_tag","embeddable":true,"href":"https:\/\/eldiariodesanpedro.com.ar\/sitio\/wp-json\/wp\/v2\/tags?post=50029"}],"curies":[{"name":"wp","href":"https:\/\/api.w.org\/{rel}","templated":true}]}}