{"id":50026,"date":"2019-04-03T16:59:16","date_gmt":"2019-04-03T19:59:16","guid":{"rendered":"https:\/\/eldiariodesanpedro.com.ar\/sitio\/?p=50026"},"modified":"2019-04-03T16:59:26","modified_gmt":"2019-04-03T19:59:26","slug":"inta-san-pedro-como-desinfectar-el-suelo-y-multiplicar-su-potencia","status":"publish","type":"post","link":"https:\/\/eldiariodesanpedro.com.ar\/sitio\/inta-san-pedro-como-desinfectar-el-suelo-y-multiplicar-su-potencia\/","title":{"rendered":"INTA SAN PEDRO: C\u00f3mo desinfectar el suelo y multiplicar su potencia"},"content":{"rendered":"<!-- VideographyWP Plugin Message: Automatic video embedding prevented by plugin options. -->\n\n<p>El jueves 11 de abril se concretar\u00e1 la segunda parte del \u00abCurso de formaci\u00f3n de biosolarizadores\u00bb que INTA San Pedro comenz\u00f3 el a\u00f1o pasado. La propuesta entonces, fue sentar la base para experiencias y en este encuentro ya habr\u00e1 resultados de lo que hicieron algunos participantes. M\u00e1s construcci\u00f3n colectiva para hacer crecer los 16 a\u00f1os de experiencia en esta tem\u00e1tica.<\/p>\n\n\n\n<p>\u00abLa biosolarizaci\u00f3n es una t\u00e9cnica que utiliza la energ\u00eda solar y la materia org\u00e1nica para desinfectar el suelo\u00bb, explica Mariel Mitidieri. Ni m\u00e1s, ni menos. Una alternativa que se viene ensayando como alternativa a un poderoso qu\u00edmico cuyo uso se fue reduciendo para evitar los efectos indeseables sobre la capa de ozono. Tambi\u00e9n, como t\u00e9cnica que garantiza el crecimiento de plantas sanas a partir de eliminar los pat\u00f3genos, pero que adem\u00e1s permite conservar la calidad del suelo y reciclar los nutrientes presentes en el rastrojo de los cultivos. <\/p>\n\n\n\n<p>Tras la instancia concretada en agosto de 2018, este encuentro propone compartir las experiencias implementadas en distintas localidades del norte bonaerense y la provincia de Santa Fe con el acompa\u00f1amiento de Mariel Mitidieri como responsable del evento y referente de la t\u00e9cnica. Ella relatar\u00e1 los resultados de las campa\u00f1as 2018 y 2019 en San Pedro, y posteriormente se podr\u00e1n conocer las experiencias implementadas en Arrecifes, Z\u00e1rate, San Nicol\u00e1s, Jun\u00edn, Baradero y El Tr\u00e9bol. Ser\u00e1n productores de escala comercial, huerteros y experiencias educativas. Luego habr\u00e1 un espacio de intercambio para conocer dificultades y aprender colectivamente.<\/p>\n\n\n\n<p>El evento est\u00e1 destinado a principalmente a quienes estuvieron en la primera parte, pero tambi\u00e9n podr\u00e1n sumarse horticultores, profesionales y estudiantes que se especialicen en horticultura que deseen aprovechar el encuentro. En este caso, es recomendable que repasen lo sucedido en agosto a trav\u00e9s de los videos que se registraron en esa ocasi\u00f3n. Se brindar\u00e1 adem\u00e1s una breve charla sobre dise\u00f1o de las huertas, que permita avanzar con el manejo racional de los problemas que afectan a los \u00f3rganos a\u00e9reos de los cultivos.<\/p>\n","protected":false},"excerpt":{"rendered":"<p>El jueves 11 de abril se concretar\u00e1 la segunda parte del \u00abCurso de formaci\u00f3n de biosolarizadores\u00bb que INTA San Pedro comenz\u00f3 el a\u00f1o pasado. La propuesta entonces, fue sentar la base para experiencias y en este encuentro ya habr\u00e1 resultados de lo que hicieron algunos participantes. M\u00e1s construcci\u00f3n colectiva para hacer crecer los 16 a\u00f1os [&hellip;]<\/p>\n","protected":false},"author":4,"featured_media":50027,"comment_status":"open","ping_status":"closed","sticky":false,"template":"","format":"standard","meta":{"om_disable_all_campaigns":false,"_jetpack_memberships_contains_paid_content":false,"footnotes":""},"categories":[101,2],"tags":[],"class_list":["post-50026","post","type-post","status-publish","format-standard","has-post-thumbnail","hentry","category-interes-general-locales","category-locales"],"aioseo_notices":[],"gutentor_comment":0,"jetpack_featured_media_url":"https:\/\/eldiariodesanpedro.com.ar\/sitio\/wp-content\/uploads\/2019\/04\/unnamed.png","jetpack_shortlink":"https:\/\/wp.me\/p6RhLt-d0S","jetpack_sharing_enabled":true,"_links":{"self":[{"href":"https:\/\/eldiariodesanpedro.com.ar\/sitio\/wp-json\/wp\/v2\/posts\/50026","targetHints":{"allow":["GET"]}}],"collection":[{"href":"https:\/\/eldiariodesanpedro.com.ar\/sitio\/wp-json\/wp\/v2\/posts"}],"about":[{"href":"https:\/\/eldiariodesanpedro.com.ar\/sitio\/wp-json\/wp\/v2\/types\/post"}],"author":[{"embeddable":true,"href":"https:\/\/eldiariodesanpedro.com.ar\/sitio\/wp-json\/wp\/v2\/users\/4"}],"replies":[{"embeddable":true,"href":"https:\/\/eldiariodesanpedro.com.ar\/sitio\/wp-json\/wp\/v2\/comments?post=50026"}],"version-history":[{"count":1,"href":"https:\/\/eldiariodesanpedro.com.ar\/sitio\/wp-json\/wp\/v2\/posts\/50026\/revisions"}],"predecessor-version":[{"id":50028,"href":"https:\/\/eldiariodesanpedro.com.ar\/sitio\/wp-json\/wp\/v2\/posts\/50026\/revisions\/50028"}],"wp:featuredmedia":[{"embeddable":true,"href":"https:\/\/eldiariodesanpedro.com.ar\/sitio\/wp-json\/wp\/v2\/media\/50027"}],"wp:attachment":[{"href":"https:\/\/eldiariodesanpedro.com.ar\/sitio\/wp-json\/wp\/v2\/media?parent=50026"}],"wp:term":[{"taxonomy":"category","embeddable":true,"href":"https:\/\/eldiariodesanpedro.com.ar\/sitio\/wp-json\/wp\/v2\/categories?post=50026"},{"taxonomy":"post_tag","embeddable":true,"href":"https:\/\/eldiariodesanpedro.com.ar\/sitio\/wp-json\/wp\/v2\/tags?post=50026"}],"curies":[{"name":"wp","href":"https:\/\/api.w.org\/{rel}","templated":true}]}}