{"id":50024,"date":"2019-04-03T16:54:12","date_gmt":"2019-04-03T19:54:12","guid":{"rendered":"https:\/\/eldiariodesanpedro.com.ar\/sitio\/?p=50024"},"modified":"2019-04-03T16:54:19","modified_gmt":"2019-04-03T19:54:19","slug":"accidente-de-transito-el-pasado-martes-entre-moto-y-auto","status":"publish","type":"post","link":"https:\/\/eldiariodesanpedro.com.ar\/sitio\/accidente-de-transito-el-pasado-martes-entre-moto-y-auto\/","title":{"rendered":"Accidente de tr\u00e1nsito el pasado martes entre moto y auto"},"content":{"rendered":"<!-- VideographyWP Plugin Message: Automatic video embedding prevented by plugin options. -->\n\n<p>Este martes promediando las 13:00 hs, polic\u00eda interviene accidente de tr\u00e1nsito en Combate de Obligado y Nieto de Torres, por causas se establecen colisionan moto 150 cc conducida por un masculino de 26 a\u00f1os, y autom\u00f3vil guiado por masculino de 33 a\u00f1os. <\/p>\n\n\n\n<p>Como consecuencia, ocupante rodado menor, sufri\u00f3 traumas leves, asistido en hospital local.  <\/p>\n","protected":false},"excerpt":{"rendered":"<p>Este martes promediando las 13:00 hs, polic\u00eda interviene accidente de tr\u00e1nsito en Combate de Obligado y Nieto de Torres, por causas se establecen colisionan moto 150 cc conducida por un masculino de 26 a\u00f1os, y autom\u00f3vil guiado por masculino de 33 a\u00f1os. Como consecuencia, ocupante rodado menor, sufri\u00f3 traumas leves, asistido en hospital local.<\/p>\n","protected":false},"author":4,"featured_media":26280,"comment_status":"open","ping_status":"closed","sticky":false,"template":"","format":"standard","meta":{"om_disable_all_campaigns":false,"_jetpack_memberships_contains_paid_content":false,"footnotes":""},"categories":[2,103],"tags":[],"class_list":["post-50024","post","type-post","status-publish","format-standard","has-post-thumbnail","hentry","category-locales","category-policiales-locales"],"aioseo_notices":[],"gutentor_comment":0,"jetpack_featured_media_url":"https:\/\/eldiariodesanpedro.com.ar\/sitio\/wp-content\/uploads\/2017\/11\/El-accidente-de-tr\u00e1nsito.jpg","jetpack_shortlink":"https:\/\/wp.me\/p6RhLt-d0Q","jetpack_sharing_enabled":true,"_links":{"self":[{"href":"https:\/\/eldiariodesanpedro.com.ar\/sitio\/wp-json\/wp\/v2\/posts\/50024","targetHints":{"allow":["GET"]}}],"collection":[{"href":"https:\/\/eldiariodesanpedro.com.ar\/sitio\/wp-json\/wp\/v2\/posts"}],"about":[{"href":"https:\/\/eldiariodesanpedro.com.ar\/sitio\/wp-json\/wp\/v2\/types\/post"}],"author":[{"embeddable":true,"href":"https:\/\/eldiariodesanpedro.com.ar\/sitio\/wp-json\/wp\/v2\/users\/4"}],"replies":[{"embeddable":true,"href":"https:\/\/eldiariodesanpedro.com.ar\/sitio\/wp-json\/wp\/v2\/comments?post=50024"}],"version-history":[{"count":1,"href":"https:\/\/eldiariodesanpedro.com.ar\/sitio\/wp-json\/wp\/v2\/posts\/50024\/revisions"}],"predecessor-version":[{"id":50025,"href":"https:\/\/eldiariodesanpedro.com.ar\/sitio\/wp-json\/wp\/v2\/posts\/50024\/revisions\/50025"}],"wp:featuredmedia":[{"embeddable":true,"href":"https:\/\/eldiariodesanpedro.com.ar\/sitio\/wp-json\/wp\/v2\/media\/26280"}],"wp:attachment":[{"href":"https:\/\/eldiariodesanpedro.com.ar\/sitio\/wp-json\/wp\/v2\/media?parent=50024"}],"wp:term":[{"taxonomy":"category","embeddable":true,"href":"https:\/\/eldiariodesanpedro.com.ar\/sitio\/wp-json\/wp\/v2\/categories?post=50024"},{"taxonomy":"post_tag","embeddable":true,"href":"https:\/\/eldiariodesanpedro.com.ar\/sitio\/wp-json\/wp\/v2\/tags?post=50024"}],"curies":[{"name":"wp","href":"https:\/\/api.w.org\/{rel}","templated":true}]}}