{"id":50021,"date":"2019-04-03T10:29:17","date_gmt":"2019-04-03T13:29:17","guid":{"rendered":"https:\/\/eldiariodesanpedro.com.ar\/sitio\/?p=50021"},"modified":"2019-04-03T10:29:28","modified_gmt":"2019-04-03T13:29:28","slug":"firma-de-convenio-y-jornadas-docentes-con-el-isfd-119-y-la-universidad-pedagogica-nacional","status":"publish","type":"post","link":"https:\/\/eldiariodesanpedro.com.ar\/sitio\/firma-de-convenio-y-jornadas-docentes-con-el-isfd-119-y-la-universidad-pedagogica-nacional\/","title":{"rendered":"Firma de convenio y jornadas docentes con el ISFD 119 y la Universidad Pedag\u00f3gica Nacional"},"content":{"rendered":"<!-- VideographyWP Plugin Message: Automatic video embedding prevented by plugin options. -->\n\n<p> La Municipalidad de San Pedro junto al Instituto Superior de Formaci\u00f3n Docente 119 (que funciona en el edificio de la Escuela Normal) y la Universidad Pedag\u00f3gica Nacional invitan a los docentes interesados para participar de las primeras jornadas de educaci\u00f3n \u201cTransmitir y Aprender en la escuela, en tiempos de nuevos saberes\u201d. Las mismas se desarrollar\u00e1n este jueves 4 y viernes 5 de abril en el Sal\u00f3n de Actos de la Escuela Normal, el Sal\u00f3n Dorado Municipal y la Escuela T\u00e9cnica, con charlas, espacios de intercambio y conferencias.\u00a0<\/p>\n\n\n\n<p>La apertura y presentaci\u00f3n de las actividades junto a la firma del convenio entre la Municipalidad y la Universidad Pedag\u00f3gica Nacional ser\u00e1 MA\u00d1ANA JUEVES 4 a las 9 en el Sal\u00f3n Dorado del Honorable Concejo Deliberante de la Municipalidad de San Pedro. <\/p>\n\n\n\n<p>CRONOGRAMA<br>Jueves 4 de abril<br>SALON DORADO DE LA MUNICIPALDAD DE SAN PEDRO<br>08:30 hs.\u00a0\u00a0Acreditaci\u00f3n de participantes<br>09:00 hs. Apertura: Presentaci\u00f3n formal de la Universidad. Firma del Convenio.<br>09:00 hs. Apertura: Presentaci\u00f3n formal de la Universidad. Firma del Convenio.<br>09:30 a 10:30 hs .Conferencia: Emilio Tenti. \u201cAlgunas tensiones en el desarrollo de la educaci\u00f3n obligatoria y el trabajo docente\u201d.<br>10:30 a 11:00 hs\u00a0\u00a0Espacio de intercambio.<br>11:00 a 12:00\u00a0\u00a0hs Conferencia Patricia Ferrante\u00a0\u00a0\u201cLa Escuela en la cultura digital\u201d.<br>12:30 a 13:00 hs. Espacio de Intercambio.<br>14:30 a 17:30 Talleres tem\u00e1ticos \u2013 CUPOS LIMITADOS \u2013<br><br>INSCRIPCION: <br>Sede del ISFD 119 a partir del jueves 28\/03 de 19 a 21 hs.<br>Escuela Normal &#8211; Taller 1: La ense\u00f1anza de las fracciones en el segundo ciclo de la escuela primaria.<br>Responsables: Mar\u00eda M\u00f3nica Becerril, Camila Hourcade, Horacio Itzcovich y Mar\u00eda Emilia Quaranta.<br>Destinatarios: Docentes de nivel primario de segundo ciclo.<br>Escuela Normal &#8211; Taller 2 Exploraci\u00f3n de una situaci\u00f3n geom\u00e9trica en un entorno de l\u00e1piz y papel y en geogebra\u00a0\u00a0\u00bfuna alianza f\u00e9rtil para la formulaci\u00f3n de conjeturas?<br>Responsables: Betina Duarte, Valeria Borsani<br>Destinatarios: Docentes de nivel secundario y estudiantes avanzados de profesorado.<br>Escuela T\u00e9cnica &#8211; Taller 3 Introducci\u00f3n al pensamiento computacional\u00a0<br>Responsables: Fernando Bordignon y Alejandro Iglesias.<br>Destinatarios: maestros del segundo ciclo de la escuela primaria y primer ciclo de la escuela secundaria.<br>Escuela T\u00e9cnica &#8211; Taller 4 Integraci\u00f3n de tecnolog\u00edas digitales en la ense\u00f1anza de las ciencias experimentales. Ejemplos y reflexiones sobre su potencialidad did\u00e1ctica.<br>Responsables: V\u00edctor Furci y Oscar Trinidad.<br>Destinatarios: Profesores de F\u00edsica, Qu\u00edmica, Biolog\u00eda; profesores de materias espec\u00edficas de escuelas t\u00e9cnicas interesados en la tem\u00e1tica y alumnos avanzados de carreras de profesorado en el \u00e1rea de ciencias naturales.<\/p>\n\n\n\n<p>5 de Abril<br>Escuela Normal 09:30 a 12:00 hs Conferencia Taller: \u201cLos desaf\u00edos de la Alfabetizaci\u00f3n Inicial.\u201d<br>Responsable Sara Melgar<br>Talleres tem\u00e1ticos de 9:30 hs a 12:30 hs.<br>Escuela Normal &#8211; Taller 1: La ense\u00f1anza de las fracciones en el segundo ciclo de la escuela primaria.<br>Responsables: Mar\u00eda M\u00f3nica Becerril, Camila Hourcade, Horacio Itzcovich y Mar\u00eda Emilia Quaranta. Destinatarios: Docentes de nivel primario de segundo ciclo.<br>Escuela T\u00e9cnica &#8211; Taller 2\u00a0\u00a0Introducci\u00f3n al pensamiento computacional.<br>Responsables: Fernando Bordignon y Alejandro Iglesias<br>Destinatarios: maestros del segundo ciclo de la escuela primaria y primer ciclo de la escuela secundaria<br>Escuela Normal &#8211; Taller 3 Ense\u00f1anza de la Historia en la educaci\u00f3n secundaria<br>Responsable: Esteban Greff<br>Destinatarios: docentes de nivel secundario, estudiantes avanzados de profesorado.<br>Escuela Normal &#8211; Taller 4 Ense\u00f1anza Pluria\u00f1o \u2013 Escuelas Rurales<br>Destinatarios: docentes de nivel primario, estudiantes avanzados de profesorado de Educaci\u00f3n Primaria.<\/p>\n","protected":false},"excerpt":{"rendered":"<p>La Municipalidad de San Pedro junto al Instituto Superior de Formaci\u00f3n Docente 119 (que funciona en el edificio de la Escuela Normal) y la Universidad Pedag\u00f3gica Nacional invitan a los docentes interesados para participar de las primeras jornadas de educaci\u00f3n \u201cTransmitir y Aprender en la escuela, en tiempos de nuevos saberes\u201d. Las mismas se desarrollar\u00e1n [&hellip;]<\/p>\n","protected":false},"author":4,"featured_media":50022,"comment_status":"open","ping_status":"closed","sticky":false,"template":"","format":"standard","meta":{"om_disable_all_campaigns":false,"_jetpack_memberships_contains_paid_content":false,"footnotes":""},"categories":[101,2],"tags":[],"class_list":["post-50021","post","type-post","status-publish","format-standard","has-post-thumbnail","hentry","category-interes-general-locales","category-locales"],"aioseo_notices":[],"gutentor_comment":0,"jetpack_featured_media_url":"https:\/\/eldiariodesanpedro.com.ar\/sitio\/wp-content\/uploads\/2019\/04\/unipe1.jpg","jetpack_shortlink":"https:\/\/wp.me\/p6RhLt-d0N","jetpack_sharing_enabled":true,"_links":{"self":[{"href":"https:\/\/eldiariodesanpedro.com.ar\/sitio\/wp-json\/wp\/v2\/posts\/50021","targetHints":{"allow":["GET"]}}],"collection":[{"href":"https:\/\/eldiariodesanpedro.com.ar\/sitio\/wp-json\/wp\/v2\/posts"}],"about":[{"href":"https:\/\/eldiariodesanpedro.com.ar\/sitio\/wp-json\/wp\/v2\/types\/post"}],"author":[{"embeddable":true,"href":"https:\/\/eldiariodesanpedro.com.ar\/sitio\/wp-json\/wp\/v2\/users\/4"}],"replies":[{"embeddable":true,"href":"https:\/\/eldiariodesanpedro.com.ar\/sitio\/wp-json\/wp\/v2\/comments?post=50021"}],"version-history":[{"count":1,"href":"https:\/\/eldiariodesanpedro.com.ar\/sitio\/wp-json\/wp\/v2\/posts\/50021\/revisions"}],"predecessor-version":[{"id":50023,"href":"https:\/\/eldiariodesanpedro.com.ar\/sitio\/wp-json\/wp\/v2\/posts\/50021\/revisions\/50023"}],"wp:featuredmedia":[{"embeddable":true,"href":"https:\/\/eldiariodesanpedro.com.ar\/sitio\/wp-json\/wp\/v2\/media\/50022"}],"wp:attachment":[{"href":"https:\/\/eldiariodesanpedro.com.ar\/sitio\/wp-json\/wp\/v2\/media?parent=50021"}],"wp:term":[{"taxonomy":"category","embeddable":true,"href":"https:\/\/eldiariodesanpedro.com.ar\/sitio\/wp-json\/wp\/v2\/categories?post=50021"},{"taxonomy":"post_tag","embeddable":true,"href":"https:\/\/eldiariodesanpedro.com.ar\/sitio\/wp-json\/wp\/v2\/tags?post=50021"}],"curies":[{"name":"wp","href":"https:\/\/api.w.org\/{rel}","templated":true}]}}