{"id":50019,"date":"2019-04-03T09:51:58","date_gmt":"2019-04-03T12:51:58","guid":{"rendered":"https:\/\/eldiariodesanpedro.com.ar\/sitio\/?p=50019"},"modified":"2019-04-03T09:52:05","modified_gmt":"2019-04-03T12:52:05","slug":"sorprenden-a-una-persona-mayor-en-su-casa-y-le-sustraen-dinero","status":"publish","type":"post","link":"https:\/\/eldiariodesanpedro.com.ar\/sitio\/sorprenden-a-una-persona-mayor-en-su-casa-y-le-sustraen-dinero\/","title":{"rendered":"Sorprenden a una persona mayor en su casa y le sustraen dinero"},"content":{"rendered":"<!-- VideographyWP Plugin Message: Automatic video embedding prevented by plugin options. -->\n\n<p>El abuelo de 71 a\u00f1os de edad radico la denuncia en la comisaria, no resulto con lesiones. El delincuente se llevo su dinero en efectivo d\u00e1ndose a la fuga r\u00e1pidamente.<\/p>\n\n\n\n<p>El hecho sucedi\u00f3 esta madrugada en la vivienda de la victima, sita en Pav\u00f3n al 300,  un mal viviente lo sorprendi\u00f3 cuando dorm\u00eda y le sustrajo el dinero que tenia guardado.<\/p>\n\n\n\n<p>Toma intervenci\u00f3n la fiscalia local.<\/p>\n","protected":false},"excerpt":{"rendered":"<p>El abuelo de 71 a\u00f1os de edad radico la denuncia en la comisaria, no resulto con lesiones. El delincuente se llevo su dinero en efectivo d\u00e1ndose a la fuga r\u00e1pidamente. El hecho sucedi\u00f3 esta madrugada en la vivienda de la victima, sita en Pav\u00f3n al 300, un mal viviente lo sorprendi\u00f3 cuando dorm\u00eda y le [&hellip;]<\/p>\n","protected":false},"author":4,"featured_media":26677,"comment_status":"open","ping_status":"closed","sticky":false,"template":"","format":"standard","meta":{"om_disable_all_campaigns":false,"_jetpack_memberships_contains_paid_content":false,"footnotes":""},"categories":[2,103],"tags":[],"class_list":["post-50019","post","type-post","status-publish","format-standard","has-post-thumbnail","hentry","category-locales","category-policiales-locales"],"aioseo_notices":[],"gutentor_comment":0,"jetpack_featured_media_url":"https:\/\/eldiariodesanpedro.com.ar\/sitio\/wp-content\/uploads\/2017\/12\/patrullas-policia-noche.jpg","jetpack_shortlink":"https:\/\/wp.me\/p6RhLt-d0L","jetpack_sharing_enabled":true,"_links":{"self":[{"href":"https:\/\/eldiariodesanpedro.com.ar\/sitio\/wp-json\/wp\/v2\/posts\/50019","targetHints":{"allow":["GET"]}}],"collection":[{"href":"https:\/\/eldiariodesanpedro.com.ar\/sitio\/wp-json\/wp\/v2\/posts"}],"about":[{"href":"https:\/\/eldiariodesanpedro.com.ar\/sitio\/wp-json\/wp\/v2\/types\/post"}],"author":[{"embeddable":true,"href":"https:\/\/eldiariodesanpedro.com.ar\/sitio\/wp-json\/wp\/v2\/users\/4"}],"replies":[{"embeddable":true,"href":"https:\/\/eldiariodesanpedro.com.ar\/sitio\/wp-json\/wp\/v2\/comments?post=50019"}],"version-history":[{"count":1,"href":"https:\/\/eldiariodesanpedro.com.ar\/sitio\/wp-json\/wp\/v2\/posts\/50019\/revisions"}],"predecessor-version":[{"id":50020,"href":"https:\/\/eldiariodesanpedro.com.ar\/sitio\/wp-json\/wp\/v2\/posts\/50019\/revisions\/50020"}],"wp:featuredmedia":[{"embeddable":true,"href":"https:\/\/eldiariodesanpedro.com.ar\/sitio\/wp-json\/wp\/v2\/media\/26677"}],"wp:attachment":[{"href":"https:\/\/eldiariodesanpedro.com.ar\/sitio\/wp-json\/wp\/v2\/media?parent=50019"}],"wp:term":[{"taxonomy":"category","embeddable":true,"href":"https:\/\/eldiariodesanpedro.com.ar\/sitio\/wp-json\/wp\/v2\/categories?post=50019"},{"taxonomy":"post_tag","embeddable":true,"href":"https:\/\/eldiariodesanpedro.com.ar\/sitio\/wp-json\/wp\/v2\/tags?post=50019"}],"curies":[{"name":"wp","href":"https:\/\/api.w.org\/{rel}","templated":true}]}}