{"id":50014,"date":"2019-04-03T08:40:46","date_gmt":"2019-04-03T11:40:46","guid":{"rendered":"https:\/\/eldiariodesanpedro.com.ar\/sitio\/?p=50014"},"modified":"2019-04-03T08:40:57","modified_gmt":"2019-04-03T11:40:57","slug":"baradero-sospecha-de-hantavirus-un-joven-de-20-anos-lucha-por-su-vida","status":"publish","type":"post","link":"https:\/\/eldiariodesanpedro.com.ar\/sitio\/baradero-sospecha-de-hantavirus-un-joven-de-20-anos-lucha-por-su-vida\/","title":{"rendered":"BARADERO: Sospecha de Hantavirus: Un joven de 20 a\u00f1os lucha por su vida"},"content":{"rendered":"<!-- VideographyWP Plugin Message: Automatic video embedding prevented by plugin options. -->\n\n<p>Axel Barreto de 20 a\u00f1os de edad, lucha por su vida internado en terapia intensiva del&nbsp; Hospital Municipal.<\/p>\n\n\n\n<p>Los primeros s\u00edntomas comenzaron el d\u00eda jueves pasado hasta agravarse el cuadro de afecci\u00f3n pulmonar que hoy lo tiene entre la vida y la muerte. Tan delicado es el estado que no puede ser trasladado salvo que la condici\u00f3n de su salud cambie para mejor. En este momento esta asistido con respiraci\u00f3n mec\u00e1nica.<\/p>\n\n\n\n<p>Por el momento no se puede confirmar que el motivo sea el contagio de Hantavirus ya que los an\u00e1lisis demoran algunos d\u00edas en mostrar los resultados.<\/p>\n\n\n\n<p>Mientras tanto la familia de Axel pide a la comunidad creyente una cadena de oraci\u00f3n rogando por un milagro que le salve la vida.<\/p>\n\n\n\n<figure class=\"wp-block-image\"><img decoding=\"async\" width=\"540\" height=\"960\" data-attachment-id=\"50015\" data-permalink=\"https:\/\/eldiariodesanpedro.com.ar\/sitio\/baradero-sospecha-de-hantavirus-un-joven-de-20-anos-lucha-por-su-vida\/56353997_416459069088694_7003851513739083776_n\/\" data-orig-file=\"https:\/\/eldiariodesanpedro.com.ar\/sitio\/wp-content\/uploads\/2019\/04\/56353997_416459069088694_7003851513739083776_n.jpg\" data-orig-size=\"540,960\" data-comments-opened=\"1\" data-image-meta=\"{&quot;aperture&quot;:&quot;0&quot;,&quot;credit&quot;:&quot;&quot;,&quot;camera&quot;:&quot;&quot;,&quot;caption&quot;:&quot;&quot;,&quot;created_timestamp&quot;:&quot;0&quot;,&quot;copyright&quot;:&quot;&quot;,&quot;focal_length&quot;:&quot;0&quot;,&quot;iso&quot;:&quot;0&quot;,&quot;shutter_speed&quot;:&quot;0&quot;,&quot;title&quot;:&quot;&quot;,&quot;orientation&quot;:&quot;0&quot;}\" data-image-title=\"56353997_416459069088694_7003851513739083776_n\" data-image-description=\"\" data-image-caption=\"\" data-large-file=\"https:\/\/eldiariodesanpedro.com.ar\/sitio\/wp-content\/uploads\/2019\/04\/56353997_416459069088694_7003851513739083776_n.jpg\" data-src=\"https:\/\/eldiariodesanpedro.com.ar\/sitio\/wp-content\/uploads\/2019\/04\/56353997_416459069088694_7003851513739083776_n.jpg\" alt=\"\" class=\"wp-image-50015 lazyload\" data-srcset=\"https:\/\/eldiariodesanpedro.com.ar\/sitio\/wp-content\/uploads\/2019\/04\/56353997_416459069088694_7003851513739083776_n.jpg 540w, https:\/\/eldiariodesanpedro.com.ar\/sitio\/wp-content\/uploads\/2019\/04\/56353997_416459069088694_7003851513739083776_n-169x300.jpg 169w\" data-sizes=\"(max-width: 540px) 100vw, 540px\" src=\"data:image\/svg+xml;base64,PHN2ZyB3aWR0aD0iMSIgaGVpZ2h0PSIxIiB4bWxucz0iaHR0cDovL3d3dy53My5vcmcvMjAwMC9zdmciPjwvc3ZnPg==\" style=\"--smush-placeholder-width: 540px; --smush-placeholder-aspect-ratio: 540\/960;\" \/><\/figure>\n\n\n\n<p>FUENTE: BARADERO TE INFORMA<\/p>\n","protected":false},"excerpt":{"rendered":"<p>Axel Barreto de 20 a\u00f1os de edad, lucha por su vida internado en terapia intensiva del&nbsp; Hospital Municipal. Los primeros s\u00edntomas comenzaron el d\u00eda jueves pasado hasta agravarse el cuadro de afecci\u00f3n pulmonar que hoy lo tiene entre la vida y la muerte. Tan delicado es el estado que no puede ser trasladado salvo que [&hellip;]<\/p>\n","protected":false},"author":4,"featured_media":50015,"comment_status":"open","ping_status":"closed","sticky":false,"template":"","format":"standard","meta":{"om_disable_all_campaigns":false,"_jetpack_memberships_contains_paid_content":false,"footnotes":""},"categories":[621],"tags":[],"class_list":["post-50014","post","type-post","status-publish","format-standard","has-post-thumbnail","hentry","category-regionales"],"aioseo_notices":[],"gutentor_comment":0,"jetpack_featured_media_url":"https:\/\/eldiariodesanpedro.com.ar\/sitio\/wp-content\/uploads\/2019\/04\/56353997_416459069088694_7003851513739083776_n.jpg","jetpack_shortlink":"https:\/\/wp.me\/p6RhLt-d0G","jetpack_sharing_enabled":true,"_links":{"self":[{"href":"https:\/\/eldiariodesanpedro.com.ar\/sitio\/wp-json\/wp\/v2\/posts\/50014","targetHints":{"allow":["GET"]}}],"collection":[{"href":"https:\/\/eldiariodesanpedro.com.ar\/sitio\/wp-json\/wp\/v2\/posts"}],"about":[{"href":"https:\/\/eldiariodesanpedro.com.ar\/sitio\/wp-json\/wp\/v2\/types\/post"}],"author":[{"embeddable":true,"href":"https:\/\/eldiariodesanpedro.com.ar\/sitio\/wp-json\/wp\/v2\/users\/4"}],"replies":[{"embeddable":true,"href":"https:\/\/eldiariodesanpedro.com.ar\/sitio\/wp-json\/wp\/v2\/comments?post=50014"}],"version-history":[{"count":1,"href":"https:\/\/eldiariodesanpedro.com.ar\/sitio\/wp-json\/wp\/v2\/posts\/50014\/revisions"}],"predecessor-version":[{"id":50016,"href":"https:\/\/eldiariodesanpedro.com.ar\/sitio\/wp-json\/wp\/v2\/posts\/50014\/revisions\/50016"}],"wp:featuredmedia":[{"embeddable":true,"href":"https:\/\/eldiariodesanpedro.com.ar\/sitio\/wp-json\/wp\/v2\/media\/50015"}],"wp:attachment":[{"href":"https:\/\/eldiariodesanpedro.com.ar\/sitio\/wp-json\/wp\/v2\/media?parent=50014"}],"wp:term":[{"taxonomy":"category","embeddable":true,"href":"https:\/\/eldiariodesanpedro.com.ar\/sitio\/wp-json\/wp\/v2\/categories?post=50014"},{"taxonomy":"post_tag","embeddable":true,"href":"https:\/\/eldiariodesanpedro.com.ar\/sitio\/wp-json\/wp\/v2\/tags?post=50014"}],"curies":[{"name":"wp","href":"https:\/\/api.w.org\/{rel}","templated":true}]}}