{"id":49995,"date":"2019-04-02T19:28:10","date_gmt":"2019-04-02T22:28:10","guid":{"rendered":"https:\/\/eldiariodesanpedro.com.ar\/sitio\/?p=49995"},"modified":"2019-04-02T19:28:20","modified_gmt":"2019-04-02T22:28:20","slug":"zarate-liberaron-al-acusado-del-femicidio-de-camila-camino","status":"publish","type":"post","link":"https:\/\/eldiariodesanpedro.com.ar\/sitio\/zarate-liberaron-al-acusado-del-femicidio-de-camila-camino\/","title":{"rendered":"ZARATE: Liberaron al acusado del femicidio de Camila Camino"},"content":{"rendered":"<!-- VideographyWP Plugin Message: Automatic video embedding prevented by plugin options. -->\n\n<p>Jonathan Genovese (25) fue detenido el pasado lunes 2 de febrero por las fuerzas policiales, acusado de ser el autor material del femicidio de la joven Camila Camino (20) en barrio Mitre.<\/p>\n\n\n\n<p>Fuentes consultadas, revelaron que recientemente el joven recuper\u00f3 su libertad, luego de que la fiscal Dra. Andrea Palacios que lleva adelante las pesquisas del caso, recibiera los resultados de la pericia conocida como Dermotest, a trav\u00e9s de la cual se pudo establecer que la joven presentaba restos de p\u00f3lvora en sus manos, mientras que Genovese no.<\/p>\n\n\n\n<p>En principio, esto indicar\u00eda que el sujeto no se encontraba manipulando el rev\u00f3lver calibre .38 mediante el cual se efectu\u00f3 el disparo que le provoc\u00f3 la muerte a Camila.<\/p>\n\n\n\n<p>Genovese fue dado en libertad luego de dos meses de permanecer en prisi\u00f3n a pedido de la fiscal\u00eda de instrucci\u00f3n y con el visto bueno del Juzgado de Garant\u00edas; aun as\u00ed, permanecer\u00e1 como imputado dado que la investigaci\u00f3n contin\u00faa su curso, y a\u00fan restan por cotejar otros resultados periciales.<\/p>\n\n\n\n<p>El hecho ocurri\u00f3 a comienzos del mes de febrero, en las cercan\u00edas del cruce de las calles Melillo y Juan B. Justo; el suceso, gener\u00f3 gran conmoci\u00f3n en el barrio, aquel d\u00eda, alrededor de las 5.30 horas, se oy\u00f3 un fuerte estruendo, producto del disparo de un arma. Las primeras versiones recogidas en el lugar por el personal policial y de la fiscal\u00eda que entiende la causa, manifestaron que Camila Camino se hab\u00eda suicidado en la v\u00eda p\u00fablica; pero otros testimonios de vecinos y personas que se hicieron presentes en el lugar, dieron elementos a la fiscal para interpretar que no se hab\u00eda producido un suicidio, sino un femicidio perpetrado por la pareja de la joven<\/p>\n","protected":false},"excerpt":{"rendered":"<p>Jonathan Genovese (25) fue detenido el pasado lunes 2 de febrero por las fuerzas policiales, acusado de ser el autor material del femicidio de la joven Camila Camino (20) en barrio Mitre. Fuentes consultadas, revelaron que recientemente el joven recuper\u00f3 su libertad, luego de que la fiscal Dra. Andrea Palacios que lleva adelante las pesquisas [&hellip;]<\/p>\n","protected":false},"author":4,"featured_media":49996,"comment_status":"open","ping_status":"closed","sticky":false,"template":"","format":"standard","meta":{"om_disable_all_campaigns":false,"_jetpack_memberships_contains_paid_content":false,"footnotes":""},"categories":[621],"tags":[],"class_list":["post-49995","post","type-post","status-publish","format-standard","has-post-thumbnail","hentry","category-regionales"],"aioseo_notices":[],"gutentor_comment":0,"jetpack_featured_media_url":"https:\/\/eldiariodesanpedro.com.ar\/sitio\/wp-content\/uploads\/2019\/04\/camila.jpg","jetpack_shortlink":"https:\/\/wp.me\/p6RhLt-d0n","jetpack_sharing_enabled":true,"_links":{"self":[{"href":"https:\/\/eldiariodesanpedro.com.ar\/sitio\/wp-json\/wp\/v2\/posts\/49995","targetHints":{"allow":["GET"]}}],"collection":[{"href":"https:\/\/eldiariodesanpedro.com.ar\/sitio\/wp-json\/wp\/v2\/posts"}],"about":[{"href":"https:\/\/eldiariodesanpedro.com.ar\/sitio\/wp-json\/wp\/v2\/types\/post"}],"author":[{"embeddable":true,"href":"https:\/\/eldiariodesanpedro.com.ar\/sitio\/wp-json\/wp\/v2\/users\/4"}],"replies":[{"embeddable":true,"href":"https:\/\/eldiariodesanpedro.com.ar\/sitio\/wp-json\/wp\/v2\/comments?post=49995"}],"version-history":[{"count":1,"href":"https:\/\/eldiariodesanpedro.com.ar\/sitio\/wp-json\/wp\/v2\/posts\/49995\/revisions"}],"predecessor-version":[{"id":49997,"href":"https:\/\/eldiariodesanpedro.com.ar\/sitio\/wp-json\/wp\/v2\/posts\/49995\/revisions\/49997"}],"wp:featuredmedia":[{"embeddable":true,"href":"https:\/\/eldiariodesanpedro.com.ar\/sitio\/wp-json\/wp\/v2\/media\/49996"}],"wp:attachment":[{"href":"https:\/\/eldiariodesanpedro.com.ar\/sitio\/wp-json\/wp\/v2\/media?parent=49995"}],"wp:term":[{"taxonomy":"category","embeddable":true,"href":"https:\/\/eldiariodesanpedro.com.ar\/sitio\/wp-json\/wp\/v2\/categories?post=49995"},{"taxonomy":"post_tag","embeddable":true,"href":"https:\/\/eldiariodesanpedro.com.ar\/sitio\/wp-json\/wp\/v2\/tags?post=49995"}],"curies":[{"name":"wp","href":"https:\/\/api.w.org\/{rel}","templated":true}]}}