{"id":49992,"date":"2019-04-02T19:23:40","date_gmt":"2019-04-02T22:23:40","guid":{"rendered":"https:\/\/eldiariodesanpedro.com.ar\/sitio\/?p=49992"},"modified":"2019-04-02T19:23:51","modified_gmt":"2019-04-02T22:23:51","slug":"campana-camionero-se-electrocuto-al-arrancar-cables-del-tendido-electrico","status":"publish","type":"post","link":"https:\/\/eldiariodesanpedro.com.ar\/sitio\/campana-camionero-se-electrocuto-al-arrancar-cables-del-tendido-electrico\/","title":{"rendered":"CAMPANA: Camionero se electrocut\u00f3 al arrancar cables del tendido el\u00e9ctrico"},"content":{"rendered":"<!-- VideographyWP Plugin Message: Automatic video embedding prevented by plugin options. -->\n\n<p>\n\nEl veh\u00edculo circulaba por Colectora Norte, a la altura de la calle Ant\u00e1rtida Argentina, y transportaba equipos de construcci\u00f3n. Tras enganchar lo cables, tambi\u00e9n derrib\u00f3 un pilar de luz, y un poste. Una ambulancia del Same lo traslad\u00f3 al hospital de urgencia.<\/p>\n\n\n\n<p>Un transportista result\u00f3 herido al sufrir una descarga el\u00e9ctrica tras enganchar cables de la red a\u00e9rea.<br><br>El hecho ocurri\u00f3 en Colectora Norte y Ant\u00e1rtida Argentina. El veh\u00edculo transportaba equipos para la construcci\u00f3n, cuya altura coincidi\u00f3 con la del cableado, el cual termin\u00f3 enganchando, al tiempo que derrib\u00f3 un poste y un pilar de cemento.\u00a0<br><br>El conductor del cami\u00f3n sufri\u00f3 una fuerte descarga el\u00e9ctrica. Una ambulancia del Same se hizo presente y lo traslad\u00f3 de urgencia al Hospital local. Defensa Civil, Polic\u00eda y personal de EDEN se hicieron presentes en el lugar.<\/p>\n\n\n\n<p>Fuente: Campana Noticias<\/p>\n","protected":false},"excerpt":{"rendered":"<p>El veh\u00edculo circulaba por Colectora Norte, a la altura de la calle Ant\u00e1rtida Argentina, y transportaba equipos de construcci\u00f3n. Tras enganchar lo cables, tambi\u00e9n derrib\u00f3 un pilar de luz, y un poste. Una ambulancia del Same lo traslad\u00f3 al hospital de urgencia. Un transportista result\u00f3 herido al sufrir una descarga el\u00e9ctrica tras enganchar cables de [&hellip;]<\/p>\n","protected":false},"author":4,"featured_media":49993,"comment_status":"open","ping_status":"closed","sticky":false,"template":"","format":"standard","meta":{"om_disable_all_campaigns":false,"_jetpack_memberships_contains_paid_content":false,"footnotes":""},"categories":[621],"tags":[],"class_list":["post-49992","post","type-post","status-publish","format-standard","has-post-thumbnail","hentry","category-regionales"],"aioseo_notices":[],"gutentor_comment":0,"jetpack_featured_media_url":"https:\/\/eldiariodesanpedro.com.ar\/sitio\/wp-content\/uploads\/2019\/04\/20190331112749.jpg","jetpack_shortlink":"https:\/\/wp.me\/p6RhLt-d0k","jetpack_sharing_enabled":true,"_links":{"self":[{"href":"https:\/\/eldiariodesanpedro.com.ar\/sitio\/wp-json\/wp\/v2\/posts\/49992","targetHints":{"allow":["GET"]}}],"collection":[{"href":"https:\/\/eldiariodesanpedro.com.ar\/sitio\/wp-json\/wp\/v2\/posts"}],"about":[{"href":"https:\/\/eldiariodesanpedro.com.ar\/sitio\/wp-json\/wp\/v2\/types\/post"}],"author":[{"embeddable":true,"href":"https:\/\/eldiariodesanpedro.com.ar\/sitio\/wp-json\/wp\/v2\/users\/4"}],"replies":[{"embeddable":true,"href":"https:\/\/eldiariodesanpedro.com.ar\/sitio\/wp-json\/wp\/v2\/comments?post=49992"}],"version-history":[{"count":1,"href":"https:\/\/eldiariodesanpedro.com.ar\/sitio\/wp-json\/wp\/v2\/posts\/49992\/revisions"}],"predecessor-version":[{"id":49994,"href":"https:\/\/eldiariodesanpedro.com.ar\/sitio\/wp-json\/wp\/v2\/posts\/49992\/revisions\/49994"}],"wp:featuredmedia":[{"embeddable":true,"href":"https:\/\/eldiariodesanpedro.com.ar\/sitio\/wp-json\/wp\/v2\/media\/49993"}],"wp:attachment":[{"href":"https:\/\/eldiariodesanpedro.com.ar\/sitio\/wp-json\/wp\/v2\/media?parent=49992"}],"wp:term":[{"taxonomy":"category","embeddable":true,"href":"https:\/\/eldiariodesanpedro.com.ar\/sitio\/wp-json\/wp\/v2\/categories?post=49992"},{"taxonomy":"post_tag","embeddable":true,"href":"https:\/\/eldiariodesanpedro.com.ar\/sitio\/wp-json\/wp\/v2\/tags?post=49992"}],"curies":[{"name":"wp","href":"https:\/\/api.w.org\/{rel}","templated":true}]}}