{"id":49987,"date":"2019-04-02T19:20:25","date_gmt":"2019-04-02T22:20:25","guid":{"rendered":"https:\/\/eldiariodesanpedro.com.ar\/sitio\/?p=49987"},"modified":"2019-04-02T19:20:36","modified_gmt":"2019-04-02T22:20:36","slug":"baradero-su-hija-de-17-anos-murio-el-fin-de-semana-y-pide-respuestas-sobre-las-causas-del-fallecimiento","status":"publish","type":"post","link":"https:\/\/eldiariodesanpedro.com.ar\/sitio\/baradero-su-hija-de-17-anos-murio-el-fin-de-semana-y-pide-respuestas-sobre-las-causas-del-fallecimiento\/","title":{"rendered":"BARADERO: Su hija de 17 a\u00f1os muri\u00f3 el fin de semana y pide respuestas sobre las causas del fallecimiento"},"content":{"rendered":"<!-- VideographyWP Plugin Message: Automatic video embedding prevented by plugin options. -->\n\n<p>\n\nLo cont\u00f3 la madre de Noelia, una joven de 17 a\u00f1os, qui\u00e9n falleci\u00f3 el viernes por la tarde. Fue atendida en la cl\u00ednica donde le diagnosticaron gastroenteritis. En la ma\u00f1ana del viernes fue internada en el hospital y horas m\u00e1s tarde falleci\u00f3 en el nosocomio.<\/p>\n\n\n\n<p>En los estudios de Tu Radio Maria Perez, madre de Noelia, cont\u00f3 lo sucedido. Le hab\u00edan diagnosticado gastroenteritis en la cl\u00ednica, luego perdi\u00f3 toda la movilidad de sus extremidades.<\/p>\n\n\n\n<p>\u201cLlame a la ambulancia, la derivaron al hospital. La atendieron, la medicaron\u201d, dijo Mar\u00eda. \u201cElla segu\u00eda con sensaci\u00f3n de v\u00f3mitos y horas m\u00e1s me dec\u00eda que no se pod\u00eda mover. La medicaron. Salgo de la habitaci\u00f3n. Despu\u00e9s veo que ten\u00eda dicultades para respirar. Llam\u00e9 a los m\u00e9dicos. Hicieron la reanimaci\u00f3n y me informaron que sufri\u00f3 un paro cardiorespiratorio\u201d, puntualiz\u00f3 Mar\u00eda. Esta ma\u00f1ana se present\u00f3 en Fiscal\u00eda para pedir una operaci\u00f3n de autopsia porque quiere saber cu\u00e1les fueron las causales de muerte.<\/p>\n","protected":false},"excerpt":{"rendered":"<p>Lo cont\u00f3 la madre de Noelia, una joven de 17 a\u00f1os, qui\u00e9n falleci\u00f3 el viernes por la tarde. Fue atendida en la cl\u00ednica donde le diagnosticaron gastroenteritis. En la ma\u00f1ana del viernes fue internada en el hospital y horas m\u00e1s tarde falleci\u00f3 en el nosocomio. En los estudios de Tu Radio Maria Perez, madre de [&hellip;]<\/p>\n","protected":false},"author":4,"featured_media":49988,"comment_status":"open","ping_status":"closed","sticky":false,"template":"","format":"standard","meta":{"om_disable_all_campaigns":false,"_jetpack_memberships_contains_paid_content":false,"footnotes":""},"categories":[621],"tags":[],"class_list":["post-49987","post","type-post","status-publish","format-standard","has-post-thumbnail","hentry","category-regionales"],"aioseo_notices":[],"gutentor_comment":0,"jetpack_featured_media_url":"https:\/\/eldiariodesanpedro.com.ar\/sitio\/wp-content\/uploads\/2019\/04\/sin_titulo_187.jpg","jetpack_shortlink":"https:\/\/wp.me\/p6RhLt-d0f","jetpack_sharing_enabled":true,"_links":{"self":[{"href":"https:\/\/eldiariodesanpedro.com.ar\/sitio\/wp-json\/wp\/v2\/posts\/49987","targetHints":{"allow":["GET"]}}],"collection":[{"href":"https:\/\/eldiariodesanpedro.com.ar\/sitio\/wp-json\/wp\/v2\/posts"}],"about":[{"href":"https:\/\/eldiariodesanpedro.com.ar\/sitio\/wp-json\/wp\/v2\/types\/post"}],"author":[{"embeddable":true,"href":"https:\/\/eldiariodesanpedro.com.ar\/sitio\/wp-json\/wp\/v2\/users\/4"}],"replies":[{"embeddable":true,"href":"https:\/\/eldiariodesanpedro.com.ar\/sitio\/wp-json\/wp\/v2\/comments?post=49987"}],"version-history":[{"count":1,"href":"https:\/\/eldiariodesanpedro.com.ar\/sitio\/wp-json\/wp\/v2\/posts\/49987\/revisions"}],"predecessor-version":[{"id":49989,"href":"https:\/\/eldiariodesanpedro.com.ar\/sitio\/wp-json\/wp\/v2\/posts\/49987\/revisions\/49989"}],"wp:featuredmedia":[{"embeddable":true,"href":"https:\/\/eldiariodesanpedro.com.ar\/sitio\/wp-json\/wp\/v2\/media\/49988"}],"wp:attachment":[{"href":"https:\/\/eldiariodesanpedro.com.ar\/sitio\/wp-json\/wp\/v2\/media?parent=49987"}],"wp:term":[{"taxonomy":"category","embeddable":true,"href":"https:\/\/eldiariodesanpedro.com.ar\/sitio\/wp-json\/wp\/v2\/categories?post=49987"},{"taxonomy":"post_tag","embeddable":true,"href":"https:\/\/eldiariodesanpedro.com.ar\/sitio\/wp-json\/wp\/v2\/tags?post=49987"}],"curies":[{"name":"wp","href":"https:\/\/api.w.org\/{rel}","templated":true}]}}