{"id":49984,"date":"2019-04-02T19:18:37","date_gmt":"2019-04-02T22:18:37","guid":{"rendered":"https:\/\/eldiariodesanpedro.com.ar\/sitio\/?p=49984"},"modified":"2019-04-02T19:18:49","modified_gmt":"2019-04-02T22:18:49","slug":"san-nicolas-investigan-un-posible-envenenamiento-en-seno-familiar","status":"publish","type":"post","link":"https:\/\/eldiariodesanpedro.com.ar\/sitio\/san-nicolas-investigan-un-posible-envenenamiento-en-seno-familiar\/","title":{"rendered":"SAN NICOLAS: Investigan un posible envenenamiento en seno familiar"},"content":{"rendered":"<!-- VideographyWP Plugin Message: Automatic video embedding prevented by plugin options. -->\n\n<p>\n\nEl hecho ocurri\u00f3 en el mes de noviembre del 2018 en una vivienda ubicada en inmediaciones de calle Belgrano y \u00c1lvarez. Un hombre de 59 a\u00f1os y su hija de 21 debieron ser atendidos en el Hospital San Felipe por s\u00edntomas de intoxicaci\u00f3n. Ambos hab\u00edan digerido la misma comida que hab\u00eda quedado del mediod\u00eda.<\/p>\n\n\n\n<p>La fiscal\u00eda en turno solicit\u00f3 las pericias toxicol\u00f3gicas que llegaron hace unos d\u00edas, las cuales arrojaron resultado positivo, dando cuenta que hab\u00edan ingerido alg\u00fan alimento con \u00f3rganos fosforados, un veneno de venta libre.<br><br>El Dr. Dar\u00edo Giganorio dialog\u00f3 con RadioNet 95.7 y brind\u00f3 algunos detalles de ese d\u00eda. Indic\u00f3 que la hija del matrimonio no iba a cenar esa noche en su casa y saldr\u00eda con amigas pero antes de irse comi\u00f3 un poco de lo que hab\u00eda quedado del mediod\u00eda.<br><br>El padre de la joven, en cambio, comi\u00f3 m\u00e1s que ella sufriendo una grave intoxicaci\u00f3n, con riesgo de vida.<br><br>La mujer de \u00e9l, se encuentra en perfecto estado de salud y est\u00e1 siendo investigada por presunto envenenamiento.<br><br>Ante la llegada de las pericias, la fiscal\u00eda pidi\u00f3 la detenci\u00f3n de ella ante el Juzgado de Garant\u00edas quien se la otorg\u00f3, pero su abogado personal ya hab\u00eda pedido con antelaci\u00f3n la eximici\u00f3n de prisi\u00f3n, por lo que no fue efectuada la medida.<br><br>La fiscal\u00eda apel\u00f3 y en los pr\u00f3ximos d\u00edas se resolver\u00e1 si se da a lugar el pedido de detenci\u00f3n.<br><br>La investigada, una mujer de 50 a\u00f1os a\u00f1os de profesi\u00f3n docente, est\u00e1 en libertad y de licencia laboral. No puede acercarse a su marido ni a su hija.<\/p>\n\n\n\n<p>Fuente: Diario El Informante<\/p>\n","protected":false},"excerpt":{"rendered":"<p>El hecho ocurri\u00f3 en el mes de noviembre del 2018 en una vivienda ubicada en inmediaciones de calle Belgrano y \u00c1lvarez. Un hombre de 59 a\u00f1os y su hija de 21 debieron ser atendidos en el Hospital San Felipe por s\u00edntomas de intoxicaci\u00f3n. Ambos hab\u00edan digerido la misma comida que hab\u00eda quedado del mediod\u00eda. La [&hellip;]<\/p>\n","protected":false},"author":4,"featured_media":49985,"comment_status":"open","ping_status":"closed","sticky":false,"template":"","format":"standard","meta":{"om_disable_all_campaigns":false,"_jetpack_memberships_contains_paid_content":false,"footnotes":""},"categories":[621],"tags":[],"class_list":["post-49984","post","type-post","status-publish","format-standard","has-post-thumbnail","hentry","category-regionales"],"aioseo_notices":[],"gutentor_comment":0,"jetpack_featured_media_url":"https:\/\/eldiariodesanpedro.com.ar\/sitio\/wp-content\/uploads\/2019\/04\/capturada_esposada.jpg","jetpack_shortlink":"https:\/\/wp.me\/p6RhLt-d0c","jetpack_sharing_enabled":true,"_links":{"self":[{"href":"https:\/\/eldiariodesanpedro.com.ar\/sitio\/wp-json\/wp\/v2\/posts\/49984","targetHints":{"allow":["GET"]}}],"collection":[{"href":"https:\/\/eldiariodesanpedro.com.ar\/sitio\/wp-json\/wp\/v2\/posts"}],"about":[{"href":"https:\/\/eldiariodesanpedro.com.ar\/sitio\/wp-json\/wp\/v2\/types\/post"}],"author":[{"embeddable":true,"href":"https:\/\/eldiariodesanpedro.com.ar\/sitio\/wp-json\/wp\/v2\/users\/4"}],"replies":[{"embeddable":true,"href":"https:\/\/eldiariodesanpedro.com.ar\/sitio\/wp-json\/wp\/v2\/comments?post=49984"}],"version-history":[{"count":1,"href":"https:\/\/eldiariodesanpedro.com.ar\/sitio\/wp-json\/wp\/v2\/posts\/49984\/revisions"}],"predecessor-version":[{"id":49986,"href":"https:\/\/eldiariodesanpedro.com.ar\/sitio\/wp-json\/wp\/v2\/posts\/49984\/revisions\/49986"}],"wp:featuredmedia":[{"embeddable":true,"href":"https:\/\/eldiariodesanpedro.com.ar\/sitio\/wp-json\/wp\/v2\/media\/49985"}],"wp:attachment":[{"href":"https:\/\/eldiariodesanpedro.com.ar\/sitio\/wp-json\/wp\/v2\/media?parent=49984"}],"wp:term":[{"taxonomy":"category","embeddable":true,"href":"https:\/\/eldiariodesanpedro.com.ar\/sitio\/wp-json\/wp\/v2\/categories?post=49984"},{"taxonomy":"post_tag","embeddable":true,"href":"https:\/\/eldiariodesanpedro.com.ar\/sitio\/wp-json\/wp\/v2\/tags?post=49984"}],"curies":[{"name":"wp","href":"https:\/\/api.w.org\/{rel}","templated":true}]}}