{"id":49981,"date":"2019-04-02T19:11:36","date_gmt":"2019-04-02T22:11:36","guid":{"rendered":"https:\/\/eldiariodesanpedro.com.ar\/sitio\/?p=49981"},"modified":"2019-04-02T19:11:49","modified_gmt":"2019-04-02T22:11:49","slug":"el-comisario-juan-catalano-asumio-como-jefe-distrital-y-fabian-gallo-paso-a-retiro","status":"publish","type":"post","link":"https:\/\/eldiariodesanpedro.com.ar\/sitio\/el-comisario-juan-catalano-asumio-como-jefe-distrital-y-fabian-gallo-paso-a-retiro\/","title":{"rendered":"El Comisario Juan Catalano asumi\u00f3 como Jefe Distrital y Fabi\u00e1n Gallo pas\u00f3 a retiro"},"content":{"rendered":"<!-- VideographyWP Plugin Message: Automatic video embedding prevented by plugin options. -->\n\n<p>Pas\u00f3 a retiro el Comisario Inspector Fabi\u00e1n Gallo y de acuerdo entre todas las autoridades se design\u00f3 como nuevo jefe policial hasta quien hace pocos meses fue titular de la Comisar\u00eda San Pedro.\u00a0\u00a0<\/p>\n\n\n\n<p>Tal lo anunciado tiempo atr\u00e1s en el aire de FM G\u00e9nesis, el Comisario Juan Ram\u00f3n Catalano asumi\u00f3 este martes como nuevo titular de la Jefatura Distrital de San Pedro en lugar del Comisario Inspector Fabi\u00e1n\u00a0Gallo quien pas\u00f3 a retiro.\u00a0<\/p>\n\n\n\n<p>El acto de asunci\u00f3n se desarroll\u00f3 en la ma\u00f1ana del mismo martes y as\u00ed el flamante funcionario qued\u00f3 a cargo de la fuerza que en pocas semanas pasar\u00e1 a ser Polic\u00eda Comunal.&nbsp;<\/p>\n\n\n\n<p>Este es la tercera oportunidad en la que Catalano&nbsp;regresa a desempe\u00f1arse como polic\u00eda en la ciudad ya que lo hab\u00eda hecho hace unos a\u00f1os en donde, en donde lleg\u00f3 a desempe\u00f1arse como jefe del destacamento de Santa Luc\u00eda, y a\u00f1os despu\u00e9s volvi\u00f3 para asumir como jefe de la Comisar\u00eda hasta septiembre del 2018.<\/p>\n\n\n\n<p>En cambio Fabi\u00e1n&nbsp;Gallo se desempe\u00f1\u00f3 como jefe policial, primero en la Comisar\u00eda cuando Dante Paolini era Jefe Distrital, y luego lo hizo en lugar de este cuando pas\u00f3 a cumplir funciones en otras dependencias de la provincia. En total, Gallo, se desempe\u00f1\u00f3 durante cinco a\u00f1os y medios en nuestra ciudad.&nbsp;<\/p>\n\n\n\n<p>Los cambios fueron avalados por el propio Intendente Municipal Cecilio Salazar\u00a0y el jede de la Departamental San Nicol\u00e1s, Comisario Mayor Carlos Palacios, quien tambi\u00e9n estuvo en San Pedro para poner en funciones a Catalano.\u00a0<\/p>\n\n\n\n<p>Fuente: San Pedro Informa<\/p>\n","protected":false},"excerpt":{"rendered":"<p>Pas\u00f3 a retiro el Comisario Inspector Fabi\u00e1n Gallo y de acuerdo entre todas las autoridades se design\u00f3 como nuevo jefe policial hasta quien hace pocos meses fue titular de la Comisar\u00eda San Pedro.\u00a0\u00a0 Tal lo anunciado tiempo atr\u00e1s en el aire de FM G\u00e9nesis, el Comisario Juan Ram\u00f3n Catalano asumi\u00f3 este martes como nuevo titular [&hellip;]<\/p>\n","protected":false},"author":4,"featured_media":49982,"comment_status":"open","ping_status":"closed","sticky":false,"template":"","format":"standard","meta":{"om_disable_all_campaigns":false,"_jetpack_memberships_contains_paid_content":false,"footnotes":""},"categories":[50,2,103],"tags":[],"class_list":["post-49981","post","type-post","status-publish","format-standard","has-post-thumbnail","hentry","category-destacadas","category-locales","category-policiales-locales"],"aioseo_notices":[],"gutentor_comment":0,"jetpack_featured_media_url":"https:\/\/eldiariodesanpedro.com.ar\/sitio\/wp-content\/uploads\/2019\/04\/000076467.jpg","jetpack_shortlink":"https:\/\/wp.me\/p6RhLt-d09","jetpack_sharing_enabled":true,"_links":{"self":[{"href":"https:\/\/eldiariodesanpedro.com.ar\/sitio\/wp-json\/wp\/v2\/posts\/49981","targetHints":{"allow":["GET"]}}],"collection":[{"href":"https:\/\/eldiariodesanpedro.com.ar\/sitio\/wp-json\/wp\/v2\/posts"}],"about":[{"href":"https:\/\/eldiariodesanpedro.com.ar\/sitio\/wp-json\/wp\/v2\/types\/post"}],"author":[{"embeddable":true,"href":"https:\/\/eldiariodesanpedro.com.ar\/sitio\/wp-json\/wp\/v2\/users\/4"}],"replies":[{"embeddable":true,"href":"https:\/\/eldiariodesanpedro.com.ar\/sitio\/wp-json\/wp\/v2\/comments?post=49981"}],"version-history":[{"count":1,"href":"https:\/\/eldiariodesanpedro.com.ar\/sitio\/wp-json\/wp\/v2\/posts\/49981\/revisions"}],"predecessor-version":[{"id":49983,"href":"https:\/\/eldiariodesanpedro.com.ar\/sitio\/wp-json\/wp\/v2\/posts\/49981\/revisions\/49983"}],"wp:featuredmedia":[{"embeddable":true,"href":"https:\/\/eldiariodesanpedro.com.ar\/sitio\/wp-json\/wp\/v2\/media\/49982"}],"wp:attachment":[{"href":"https:\/\/eldiariodesanpedro.com.ar\/sitio\/wp-json\/wp\/v2\/media?parent=49981"}],"wp:term":[{"taxonomy":"category","embeddable":true,"href":"https:\/\/eldiariodesanpedro.com.ar\/sitio\/wp-json\/wp\/v2\/categories?post=49981"},{"taxonomy":"post_tag","embeddable":true,"href":"https:\/\/eldiariodesanpedro.com.ar\/sitio\/wp-json\/wp\/v2\/tags?post=49981"}],"curies":[{"name":"wp","href":"https:\/\/api.w.org\/{rel}","templated":true}]}}