{"id":49964,"date":"2019-04-01T18:39:50","date_gmt":"2019-04-01T21:39:50","guid":{"rendered":"https:\/\/eldiariodesanpedro.com.ar\/sitio\/?p=49964"},"modified":"2019-04-01T18:40:02","modified_gmt":"2019-04-01T21:40:02","slug":"el-intendente-reunio-a-representantes-de-la-salud-publica-y-privada-con-funcionarios-del-ioma","status":"publish","type":"post","link":"https:\/\/eldiariodesanpedro.com.ar\/sitio\/el-intendente-reunio-a-representantes-de-la-salud-publica-y-privada-con-funcionarios-del-ioma\/","title":{"rendered":"El Intendente reuni\u00f3 a representantes de la salud p\u00fablica y privada con funcionarios del IOMA"},"content":{"rendered":"<!-- VideographyWP Plugin Message: Automatic video embedding prevented by plugin options. -->\n\n<p> El viernes 29 en su despacho, el Intendente Municipal Cecilio Salazar reuni\u00f3 a representantes de la salud p\u00fablica y privada de San Pedro para compartir una muy importante charla funcionarios regionales del IOMA.<\/p>\n\n\n\n<p>De visita en nuestra ciudad el Director General de Regionalizaci\u00f3n del IOMA, Demi\u00e1n Mart\u00ednez Naya y Diego Lobo y el Director Regional de la Matanza participaron de este encuentro junto al Secretario de Salud, Dr. Guillermo Sancho, el director del Hospital Dr. Javier Sualdea, el Jefe del Servicio de Guardia, Dr. Jos\u00e9 Herbas y el presidente del C\u00edrculo M\u00e9dico Dr. Mario Bernasconi.<\/p>\n\n\n\n<p>La gran cantidad de afiliados que re\u00fane esta obra social y la implementaci\u00f3n de nuevos sistemas para facilitar gestiones administrativas y tr\u00e1mites fueron analizadas por los participantes de la reuni\u00f3n, planteando un canal de comunicaci\u00f3n m\u00e1s fluido para todos los prestadores locales. <\/p>\n\n\n\n<figure class=\"wp-block-image\"><img decoding=\"async\" width=\"1024\" height=\"680\" data-attachment-id=\"49966\" data-permalink=\"https:\/\/eldiariodesanpedro.com.ar\/sitio\/el-intendente-reunio-a-representantes-de-la-salud-publica-y-privada-con-funcionarios-del-ioma\/3-40\/\" data-orig-file=\"https:\/\/eldiariodesanpedro.com.ar\/sitio\/wp-content\/uploads\/2019\/04\/3-1.jpg\" data-orig-size=\"2362,1569\" data-comments-opened=\"1\" data-image-meta=\"{&quot;aperture&quot;:&quot;0&quot;,&quot;credit&quot;:&quot;&quot;,&quot;camera&quot;:&quot;&quot;,&quot;caption&quot;:&quot;&quot;,&quot;created_timestamp&quot;:&quot;0&quot;,&quot;copyright&quot;:&quot;&quot;,&quot;focal_length&quot;:&quot;0&quot;,&quot;iso&quot;:&quot;0&quot;,&quot;shutter_speed&quot;:&quot;0&quot;,&quot;title&quot;:&quot;&quot;,&quot;orientation&quot;:&quot;0&quot;}\" data-image-title=\"3\" data-image-description=\"\" data-image-caption=\"\" data-large-file=\"https:\/\/eldiariodesanpedro.com.ar\/sitio\/wp-content\/uploads\/2019\/04\/3-1-1024x680.jpg\" data-src=\"https:\/\/eldiariodesanpedro.com.ar\/sitio\/wp-content\/uploads\/2019\/04\/3-1-1024x680.jpg\" alt=\"\" class=\"wp-image-49966 lazyload\" data-srcset=\"https:\/\/eldiariodesanpedro.com.ar\/sitio\/wp-content\/uploads\/2019\/04\/3-1-1024x680.jpg 1024w, https:\/\/eldiariodesanpedro.com.ar\/sitio\/wp-content\/uploads\/2019\/04\/3-1-300x199.jpg 300w, https:\/\/eldiariodesanpedro.com.ar\/sitio\/wp-content\/uploads\/2019\/04\/3-1-768x510.jpg 768w\" data-sizes=\"(max-width: 1024px) 100vw, 1024px\" src=\"data:image\/svg+xml;base64,PHN2ZyB3aWR0aD0iMSIgaGVpZ2h0PSIxIiB4bWxucz0iaHR0cDovL3d3dy53My5vcmcvMjAwMC9zdmciPjwvc3ZnPg==\" style=\"--smush-placeholder-width: 1024px; --smush-placeholder-aspect-ratio: 1024\/680;\" \/><\/figure>\n\n\n\n<figure class=\"wp-block-image\"><img decoding=\"async\" width=\"1024\" height=\"958\" data-attachment-id=\"49967\" data-permalink=\"https:\/\/eldiariodesanpedro.com.ar\/sitio\/el-intendente-reunio-a-representantes-de-la-salud-publica-y-privada-con-funcionarios-del-ioma\/4-27\/\" data-orig-file=\"https:\/\/eldiariodesanpedro.com.ar\/sitio\/wp-content\/uploads\/2019\/04\/4-1.jpg\" data-orig-size=\"1676,1568\" data-comments-opened=\"1\" data-image-meta=\"{&quot;aperture&quot;:&quot;0&quot;,&quot;credit&quot;:&quot;&quot;,&quot;camera&quot;:&quot;&quot;,&quot;caption&quot;:&quot;&quot;,&quot;created_timestamp&quot;:&quot;0&quot;,&quot;copyright&quot;:&quot;&quot;,&quot;focal_length&quot;:&quot;0&quot;,&quot;iso&quot;:&quot;0&quot;,&quot;shutter_speed&quot;:&quot;0&quot;,&quot;title&quot;:&quot;&quot;,&quot;orientation&quot;:&quot;0&quot;}\" data-image-title=\"4\" data-image-description=\"\" data-image-caption=\"\" data-large-file=\"https:\/\/eldiariodesanpedro.com.ar\/sitio\/wp-content\/uploads\/2019\/04\/4-1-1024x958.jpg\" data-src=\"https:\/\/eldiariodesanpedro.com.ar\/sitio\/wp-content\/uploads\/2019\/04\/4-1-1024x958.jpg\" alt=\"\" class=\"wp-image-49967 lazyload\" data-srcset=\"https:\/\/eldiariodesanpedro.com.ar\/sitio\/wp-content\/uploads\/2019\/04\/4-1-1024x958.jpg 1024w, https:\/\/eldiariodesanpedro.com.ar\/sitio\/wp-content\/uploads\/2019\/04\/4-1-300x281.jpg 300w, https:\/\/eldiariodesanpedro.com.ar\/sitio\/wp-content\/uploads\/2019\/04\/4-1-768x719.jpg 768w, https:\/\/eldiariodesanpedro.com.ar\/sitio\/wp-content\/uploads\/2019\/04\/4-1.jpg 1676w\" data-sizes=\"(max-width: 1024px) 100vw, 1024px\" src=\"data:image\/svg+xml;base64,PHN2ZyB3aWR0aD0iMSIgaGVpZ2h0PSIxIiB4bWxucz0iaHR0cDovL3d3dy53My5vcmcvMjAwMC9zdmciPjwvc3ZnPg==\" style=\"--smush-placeholder-width: 1024px; --smush-placeholder-aspect-ratio: 1024\/958;\" \/><\/figure>\n","protected":false},"excerpt":{"rendered":"<p>El viernes 29 en su despacho, el Intendente Municipal Cecilio Salazar reuni\u00f3 a representantes de la salud p\u00fablica y privada de San Pedro para compartir una muy importante charla funcionarios regionales del IOMA. De visita en nuestra ciudad el Director General de Regionalizaci\u00f3n del IOMA, Demi\u00e1n Mart\u00ednez Naya y Diego Lobo y el Director Regional [&hellip;]<\/p>\n","protected":false},"author":4,"featured_media":49965,"comment_status":"open","ping_status":"closed","sticky":false,"template":"","format":"standard","meta":{"om_disable_all_campaigns":false,"_jetpack_memberships_contains_paid_content":false,"footnotes":""},"categories":[2,102],"tags":[],"class_list":["post-49964","post","type-post","status-publish","format-standard","has-post-thumbnail","hentry","category-locales","category-politica-locales"],"aioseo_notices":[],"gutentor_comment":0,"jetpack_featured_media_url":"https:\/\/eldiariodesanpedro.com.ar\/sitio\/wp-content\/uploads\/2019\/04\/1-1.jpg","jetpack_shortlink":"https:\/\/wp.me\/p6RhLt-cZS","jetpack_sharing_enabled":true,"_links":{"self":[{"href":"https:\/\/eldiariodesanpedro.com.ar\/sitio\/wp-json\/wp\/v2\/posts\/49964","targetHints":{"allow":["GET"]}}],"collection":[{"href":"https:\/\/eldiariodesanpedro.com.ar\/sitio\/wp-json\/wp\/v2\/posts"}],"about":[{"href":"https:\/\/eldiariodesanpedro.com.ar\/sitio\/wp-json\/wp\/v2\/types\/post"}],"author":[{"embeddable":true,"href":"https:\/\/eldiariodesanpedro.com.ar\/sitio\/wp-json\/wp\/v2\/users\/4"}],"replies":[{"embeddable":true,"href":"https:\/\/eldiariodesanpedro.com.ar\/sitio\/wp-json\/wp\/v2\/comments?post=49964"}],"version-history":[{"count":1,"href":"https:\/\/eldiariodesanpedro.com.ar\/sitio\/wp-json\/wp\/v2\/posts\/49964\/revisions"}],"predecessor-version":[{"id":49968,"href":"https:\/\/eldiariodesanpedro.com.ar\/sitio\/wp-json\/wp\/v2\/posts\/49964\/revisions\/49968"}],"wp:featuredmedia":[{"embeddable":true,"href":"https:\/\/eldiariodesanpedro.com.ar\/sitio\/wp-json\/wp\/v2\/media\/49965"}],"wp:attachment":[{"href":"https:\/\/eldiariodesanpedro.com.ar\/sitio\/wp-json\/wp\/v2\/media?parent=49964"}],"wp:term":[{"taxonomy":"category","embeddable":true,"href":"https:\/\/eldiariodesanpedro.com.ar\/sitio\/wp-json\/wp\/v2\/categories?post=49964"},{"taxonomy":"post_tag","embeddable":true,"href":"https:\/\/eldiariodesanpedro.com.ar\/sitio\/wp-json\/wp\/v2\/tags?post=49964"}],"curies":[{"name":"wp","href":"https:\/\/api.w.org\/{rel}","templated":true}]}}