{"id":49946,"date":"2019-04-01T10:20:43","date_gmt":"2019-04-01T13:20:43","guid":{"rendered":"https:\/\/eldiariodesanpedro.com.ar\/sitio\/?p=49946"},"modified":"2019-04-01T10:20:57","modified_gmt":"2019-04-01T13:20:57","slug":"quedo-habilitado-el-pasaje-osvaldo-pato-morresi","status":"publish","type":"post","link":"https:\/\/eldiariodesanpedro.com.ar\/sitio\/quedo-habilitado-el-pasaje-osvaldo-pato-morresi\/","title":{"rendered":"Qued\u00f3 habilitado el pasaje Osvaldo \u00abPato\u00bb Morresi"},"content":{"rendered":"<!-- VideographyWP Plugin Message: Automatic video embedding prevented by plugin options. -->\n\n<p>Mediante un emotivo acto se inaugur\u00f3 la calle que lleva el nombre del \u00eddolo sampedrino\u00a0al cumplirse 25 a\u00f1os de su fallecimiento.\u00a0<\/p>\n\n\n\n<p>En coincidencia con el 25\u00b0 Aniversario de su fallecimiento, qued\u00f3 oficialmente inaugurado el pasaje Osvaldo \u00abPato\u00bb Morresi, el cual se encuentra\u00a0ubicado en la calle interna de la plazoleta Fray Cayetano\u00a0Rodr\u00edguez.\u00a0\u00a0<\/p>\n\n\n\n<p>Autoridades municipales, del HCD, familiares del recordado piloto y amigos, participaron del acto que se desarroll\u00f3 en la tarde del domingo.&nbsp;<\/p>\n\n\n\n<p>All\u00ed se descubrieron las placas alusivas y se volvi\u00f3 a poner&nbsp;en marcha el Chevrolet restaurado que manej\u00f3 el \u00abPato\u00bb hasta el d\u00eda del fatal accidente; dio dos vueltas por la calle del lugar arrancando las l\u00e1grimas de todos los presentes.&nbsp;<\/p>\n\n\n\n<p>El \u00abPato\u00bb Morresi falleci\u00f3 el\u00a027 de marzo\u00a0de\u00a01994\u00a0luego de un accidente sufrido mientras disputaba y ganaba el Gran Premio de\u00a0La Plata\u00a0del Turismo Carretera.<\/p>\n\n\n\n<p>Fuente: San Pedro Informa<\/p>\n","protected":false},"excerpt":{"rendered":"<p>Mediante un emotivo acto se inaugur\u00f3 la calle que lleva el nombre del \u00eddolo sampedrino\u00a0al cumplirse 25 a\u00f1os de su fallecimiento.\u00a0 En coincidencia con el 25\u00b0 Aniversario de su fallecimiento, qued\u00f3 oficialmente inaugurado el pasaje Osvaldo \u00abPato\u00bb Morresi, el cual se encuentra\u00a0ubicado en la calle interna de la plazoleta Fray Cayetano\u00a0Rodr\u00edguez.\u00a0\u00a0 Autoridades municipales, del HCD, [&hellip;]<\/p>\n","protected":false},"author":4,"featured_media":49947,"comment_status":"open","ping_status":"closed","sticky":false,"template":"","format":"standard","meta":{"om_disable_all_campaigns":false,"_jetpack_memberships_contains_paid_content":false,"footnotes":""},"categories":[101,2],"tags":[],"class_list":["post-49946","post","type-post","status-publish","format-standard","has-post-thumbnail","hentry","category-interes-general-locales","category-locales"],"aioseo_notices":[],"gutentor_comment":0,"jetpack_featured_media_url":"https:\/\/eldiariodesanpedro.com.ar\/sitio\/wp-content\/uploads\/2019\/04\/000076443.jpg","jetpack_shortlink":"https:\/\/wp.me\/p6RhLt-cZA","jetpack_sharing_enabled":true,"_links":{"self":[{"href":"https:\/\/eldiariodesanpedro.com.ar\/sitio\/wp-json\/wp\/v2\/posts\/49946","targetHints":{"allow":["GET"]}}],"collection":[{"href":"https:\/\/eldiariodesanpedro.com.ar\/sitio\/wp-json\/wp\/v2\/posts"}],"about":[{"href":"https:\/\/eldiariodesanpedro.com.ar\/sitio\/wp-json\/wp\/v2\/types\/post"}],"author":[{"embeddable":true,"href":"https:\/\/eldiariodesanpedro.com.ar\/sitio\/wp-json\/wp\/v2\/users\/4"}],"replies":[{"embeddable":true,"href":"https:\/\/eldiariodesanpedro.com.ar\/sitio\/wp-json\/wp\/v2\/comments?post=49946"}],"version-history":[{"count":1,"href":"https:\/\/eldiariodesanpedro.com.ar\/sitio\/wp-json\/wp\/v2\/posts\/49946\/revisions"}],"predecessor-version":[{"id":49948,"href":"https:\/\/eldiariodesanpedro.com.ar\/sitio\/wp-json\/wp\/v2\/posts\/49946\/revisions\/49948"}],"wp:featuredmedia":[{"embeddable":true,"href":"https:\/\/eldiariodesanpedro.com.ar\/sitio\/wp-json\/wp\/v2\/media\/49947"}],"wp:attachment":[{"href":"https:\/\/eldiariodesanpedro.com.ar\/sitio\/wp-json\/wp\/v2\/media?parent=49946"}],"wp:term":[{"taxonomy":"category","embeddable":true,"href":"https:\/\/eldiariodesanpedro.com.ar\/sitio\/wp-json\/wp\/v2\/categories?post=49946"},{"taxonomy":"post_tag","embeddable":true,"href":"https:\/\/eldiariodesanpedro.com.ar\/sitio\/wp-json\/wp\/v2\/tags?post=49946"}],"curies":[{"name":"wp","href":"https:\/\/api.w.org\/{rel}","templated":true}]}}