{"id":49942,"date":"2019-04-01T10:18:37","date_gmt":"2019-04-01T13:18:37","guid":{"rendered":"https:\/\/eldiariodesanpedro.com.ar\/sitio\/?p=49942"},"modified":"2019-04-01T10:18:48","modified_gmt":"2019-04-01T13:18:48","slug":"emotiva-reinauguracion-del-gimnasio-eduardo-romairone","status":"publish","type":"post","link":"https:\/\/eldiariodesanpedro.com.ar\/sitio\/emotiva-reinauguracion-del-gimnasio-eduardo-romairone\/","title":{"rendered":"Emotiva reinauguraci\u00f3n del gimnasio \u201cEduardo Romairone\u201d"},"content":{"rendered":"<!-- VideographyWP Plugin Message: Automatic video embedding prevented by plugin options. -->\n\n<p>Entre l\u00e1grimas y recuerdos, Paran\u00e1 FC present\u00f3 las obras realizadas en el lugar donde en principio se practicar\u00e1 b\u00e1squet y pat\u00edn art\u00edstico. Hubo reconocimientos y se bautiz\u00f3 al espacio como \u201cCancha de Basquet Gustavo Segalat\u201d.<ins> <\/ins><\/p>\n\n\n\n<p>Lo sucedido en Paran\u00e1 F\u00fatbol Club no fue una ceremonia m\u00e1s, lo acontecido el s\u00e1bado a la tarde perdurar\u00e1 en el tiempo como uno de los hechos m\u00e1s salientes en la vida deportiva de los sampedrinos. Desde 1974 el gimnasio \u201cEduardo Romairone\u201d fue escenario de grandes eventos y consagraciones, ahora volver\u00e1 a tener las actividades que en alg\u00fan tramo de la historia supieron vivir sus jornadas de glorias como las grandes consagraciones de las selecciones de b\u00e1squet, las inolvidables veladas de boxeo o el brillo de \u201cLuminarias del Pat\u00edn.<\/p>\n\n\n\n<p>El acto fue sumamente emotivo, porque se pudo reunir a las familias de Eduardo Romairone y Jorge Su\u00e1rez, dos emblem\u00e1ticos dirigentes y se los pudo homenajear como merec\u00edan. Fue as\u00ed como las hermanas Graciela y Marcela Romairone, y Sergio Su\u00e1rez, se llevaron el respetuoso aplauso de los presentes al momento de ser reconocidos por los actuales directivos \u201cAlbirrojos\u201d.<\/p>\n\n\n\n<p>Tambi\u00e9n hubo reconocimientos para la familia de Hugo \u201cChacho\u201d P\u00e9rez, quien durante muchos a\u00f1os estuvo a cargo de la ense\u00f1anza de boxeo en ese lugar, como tambi\u00e9n a cargo de la organizaci\u00f3n de los multitudinarios festivales que all\u00ed se realizaban.<\/p>\n\n\n\n<p>Otro de los momentos emotivos de la ceremonia fue cuando se reconoci\u00f3 al profesor Juan Luis \u201cColo\u201d Franzoia y a Juan Angel Almada, principales art\u00edfices de la intervenci\u00f3n en el Provincial de Basquet de 1983; como as\u00ed tambi\u00e9n a Marta D\u00edaz, destacada jugadora de la instituci\u00f3n.<\/p>\n\n\n\n<p>El Pat\u00edn Art\u00edstico tambi\u00e9n fue homenajeado. Los directivos decidieron reconocer a Tessi Cesar, Natalia Est\u00e9vez y Oscar Acevedo, figuras de \u201cLuminarias del Pat\u00edn\u201d en su momento de esplendor.<\/p>\n\n\n\n<p>El b\u00e1squet cumpli\u00f3 un rol fundamental en la historia deportiva de la instituci\u00f3n de la ciudad; en el a\u00f1o 1979 un selectivo sampedrino se consagr\u00f3 campe\u00f3n y cinco jugadores \u201cAlbirrojos\u201d fueron parte de esa epopeya. Por eso se reconoci\u00f3 a Franco Vitale, Ignacio Tosso, Guillermo Malacalza, Pablo Cappelletti y Gustavo Segalat.<\/p>\n\n\n\n<p>A lo largo del acto humo m\u00e1s reconocimientos y agradecimiento a quienes colaboraron y aportaron su granito de arena para lograr reactivar al gimnasio \u201cEduardo Romairone\u201d. &nbsp;&nbsp;&nbsp;<\/p>\n\n\n\n<p>Pero el punto sublime del atardecer se dio sobre el cierre, cuando la Comisi\u00f3n Directiva sorprendi\u00f3 a todos y por iniciativa de la Subcomisi\u00f3n de b\u00e1squet decidieron que a partir de ese mismo momento el lugar pase a llamarse \u201cCancha de Basquet Gustavo Segalat\u201d. Con l\u00e1grimas en los ojos, de pi\u00e9 y un interminable aplauso, la familia \u201cAlbirroja\u201d premi\u00f3 a quien recibi\u00f3 el merecido halago por su constante dedicaci\u00f3n hacia la instituci\u00f3n y uno de los principales mentores de que el \u201cEduardo Romairone\u201d vuelva a respirar b\u00e1squet.<\/p>\n\n\n\n<p>Fuente: San Pedro Informa<\/p>\n\n\n\n<figure class=\"wp-block-image\"><img decoding=\"async\" width=\"1024\" height=\"768\" data-attachment-id=\"49944\" data-permalink=\"https:\/\/eldiariodesanpedro.com.ar\/sitio\/emotiva-reinauguracion-del-gimnasio-eduardo-romairone\/attachment\/000076376\/\" data-orig-file=\"https:\/\/eldiariodesanpedro.com.ar\/sitio\/wp-content\/uploads\/2019\/04\/000076376.jpg\" data-orig-size=\"1024,768\" data-comments-opened=\"1\" data-image-meta=\"{&quot;aperture&quot;:&quot;0&quot;,&quot;credit&quot;:&quot;&quot;,&quot;camera&quot;:&quot;&quot;,&quot;caption&quot;:&quot;&quot;,&quot;created_timestamp&quot;:&quot;0&quot;,&quot;copyright&quot;:&quot;&quot;,&quot;focal_length&quot;:&quot;0&quot;,&quot;iso&quot;:&quot;0&quot;,&quot;shutter_speed&quot;:&quot;0&quot;,&quot;title&quot;:&quot;&quot;,&quot;orientation&quot;:&quot;0&quot;}\" data-image-title=\"000076376\" data-image-description=\"\" data-image-caption=\"\" data-large-file=\"https:\/\/eldiariodesanpedro.com.ar\/sitio\/wp-content\/uploads\/2019\/04\/000076376-1024x768.jpg\" data-src=\"https:\/\/eldiariodesanpedro.com.ar\/sitio\/wp-content\/uploads\/2019\/04\/000076376-1024x768.jpg\" alt=\"\" class=\"wp-image-49944 lazyload\" data-srcset=\"https:\/\/eldiariodesanpedro.com.ar\/sitio\/wp-content\/uploads\/2019\/04\/000076376.jpg 1024w, https:\/\/eldiariodesanpedro.com.ar\/sitio\/wp-content\/uploads\/2019\/04\/000076376-300x225.jpg 300w, https:\/\/eldiariodesanpedro.com.ar\/sitio\/wp-content\/uploads\/2019\/04\/000076376-768x576.jpg 768w\" data-sizes=\"(max-width: 1024px) 100vw, 1024px\" src=\"data:image\/svg+xml;base64,PHN2ZyB3aWR0aD0iMSIgaGVpZ2h0PSIxIiB4bWxucz0iaHR0cDovL3d3dy53My5vcmcvMjAwMC9zdmciPjwvc3ZnPg==\" style=\"--smush-placeholder-width: 1024px; --smush-placeholder-aspect-ratio: 1024\/768;\" \/><\/figure>\n","protected":false},"excerpt":{"rendered":"<p>Entre l\u00e1grimas y recuerdos, Paran\u00e1 FC present\u00f3 las obras realizadas en el lugar donde en principio se practicar\u00e1 b\u00e1squet y pat\u00edn art\u00edstico. Hubo reconocimientos y se bautiz\u00f3 al espacio como \u201cCancha de Basquet Gustavo Segalat\u201d. Lo sucedido en Paran\u00e1 F\u00fatbol Club no fue una ceremonia m\u00e1s, lo acontecido el s\u00e1bado a la tarde perdurar\u00e1 en [&hellip;]<\/p>\n","protected":false},"author":4,"featured_media":49943,"comment_status":"open","ping_status":"closed","sticky":false,"template":"","format":"standard","meta":{"om_disable_all_campaigns":false,"_jetpack_memberships_contains_paid_content":false,"footnotes":""},"categories":[101,2],"tags":[],"class_list":["post-49942","post","type-post","status-publish","format-standard","has-post-thumbnail","hentry","category-interes-general-locales","category-locales"],"aioseo_notices":[],"gutentor_comment":0,"jetpack_featured_media_url":"https:\/\/eldiariodesanpedro.com.ar\/sitio\/wp-content\/uploads\/2019\/04\/000076368.jpg","jetpack_shortlink":"https:\/\/wp.me\/p6RhLt-cZw","jetpack_sharing_enabled":true,"_links":{"self":[{"href":"https:\/\/eldiariodesanpedro.com.ar\/sitio\/wp-json\/wp\/v2\/posts\/49942","targetHints":{"allow":["GET"]}}],"collection":[{"href":"https:\/\/eldiariodesanpedro.com.ar\/sitio\/wp-json\/wp\/v2\/posts"}],"about":[{"href":"https:\/\/eldiariodesanpedro.com.ar\/sitio\/wp-json\/wp\/v2\/types\/post"}],"author":[{"embeddable":true,"href":"https:\/\/eldiariodesanpedro.com.ar\/sitio\/wp-json\/wp\/v2\/users\/4"}],"replies":[{"embeddable":true,"href":"https:\/\/eldiariodesanpedro.com.ar\/sitio\/wp-json\/wp\/v2\/comments?post=49942"}],"version-history":[{"count":1,"href":"https:\/\/eldiariodesanpedro.com.ar\/sitio\/wp-json\/wp\/v2\/posts\/49942\/revisions"}],"predecessor-version":[{"id":49945,"href":"https:\/\/eldiariodesanpedro.com.ar\/sitio\/wp-json\/wp\/v2\/posts\/49942\/revisions\/49945"}],"wp:featuredmedia":[{"embeddable":true,"href":"https:\/\/eldiariodesanpedro.com.ar\/sitio\/wp-json\/wp\/v2\/media\/49943"}],"wp:attachment":[{"href":"https:\/\/eldiariodesanpedro.com.ar\/sitio\/wp-json\/wp\/v2\/media?parent=49942"}],"wp:term":[{"taxonomy":"category","embeddable":true,"href":"https:\/\/eldiariodesanpedro.com.ar\/sitio\/wp-json\/wp\/v2\/categories?post=49942"},{"taxonomy":"post_tag","embeddable":true,"href":"https:\/\/eldiariodesanpedro.com.ar\/sitio\/wp-json\/wp\/v2\/tags?post=49942"}],"curies":[{"name":"wp","href":"https:\/\/api.w.org\/{rel}","templated":true}]}}