{"id":49930,"date":"2019-04-01T10:10:25","date_gmt":"2019-04-01T13:10:25","guid":{"rendered":"https:\/\/eldiariodesanpedro.com.ar\/sitio\/?p=49930"},"modified":"2019-04-01T10:10:31","modified_gmt":"2019-04-01T13:10:31","slug":"un-aprehendido-tras-cometer-un-ilicito","status":"publish","type":"post","link":"https:\/\/eldiariodesanpedro.com.ar\/sitio\/un-aprehendido-tras-cometer-un-ilicito\/","title":{"rendered":"Un aprehendido tras cometer un il\u00edcito"},"content":{"rendered":"<!-- VideographyWP Plugin Message: Automatic video embedding prevented by plugin options. -->\n\n<p>Este domingo por la ma\u00f1ana, el personal policial de nuestra ciudad siendo  alertado por un llamado al 911 el il\u00edcito por ciudadana de 29 a\u00f1os, indicando autor material y caracter\u00edsticas del mismo, frente su domicilio, en Cucit al 1200, procedi\u00e9ndose a la aprehensi\u00f3n del malviviente a cuadras del lugar, trat\u00e1ndose de masculino de 27 a\u00f1os con frondosos antecedentes penales, y secuestro en su poder de dinero en efectivo, quien est\u00e9 momentos antes hab\u00eda sustra\u00eddo celular a v\u00edctima, sin violencia, intervino UFI N\u00ba 11 de San Pedro, quien aval\u00f3 el proceder policial disponiendo para autor alojado en celda a su remisi\u00f3n sede fiscal por el delito de HURTO- dem\u00e1s recaudos.<\/p>\n","protected":false},"excerpt":{"rendered":"<p>Este domingo por la ma\u00f1ana, el personal policial de nuestra ciudad siendo alertado por un llamado al 911 el il\u00edcito por ciudadana de 29 a\u00f1os, indicando autor material y caracter\u00edsticas del mismo, frente su domicilio, en Cucit al 1200, procedi\u00e9ndose a la aprehensi\u00f3n del malviviente a cuadras del lugar, trat\u00e1ndose de masculino de 27 a\u00f1os [&hellip;]<\/p>\n","protected":false},"author":4,"featured_media":30195,"comment_status":"open","ping_status":"closed","sticky":false,"template":"","format":"standard","meta":{"om_disable_all_campaigns":false,"_jetpack_memberships_contains_paid_content":false,"footnotes":""},"categories":[2,103],"tags":[],"class_list":["post-49930","post","type-post","status-publish","format-standard","has-post-thumbnail","hentry","category-locales","category-policiales-locales"],"aioseo_notices":[],"gutentor_comment":0,"jetpack_featured_media_url":"https:\/\/eldiariodesanpedro.com.ar\/sitio\/wp-content\/uploads\/2018\/03\/Aprehendido-y-ofuscado.jpg","jetpack_shortlink":"https:\/\/wp.me\/p6RhLt-cZk","jetpack_sharing_enabled":true,"_links":{"self":[{"href":"https:\/\/eldiariodesanpedro.com.ar\/sitio\/wp-json\/wp\/v2\/posts\/49930","targetHints":{"allow":["GET"]}}],"collection":[{"href":"https:\/\/eldiariodesanpedro.com.ar\/sitio\/wp-json\/wp\/v2\/posts"}],"about":[{"href":"https:\/\/eldiariodesanpedro.com.ar\/sitio\/wp-json\/wp\/v2\/types\/post"}],"author":[{"embeddable":true,"href":"https:\/\/eldiariodesanpedro.com.ar\/sitio\/wp-json\/wp\/v2\/users\/4"}],"replies":[{"embeddable":true,"href":"https:\/\/eldiariodesanpedro.com.ar\/sitio\/wp-json\/wp\/v2\/comments?post=49930"}],"version-history":[{"count":1,"href":"https:\/\/eldiariodesanpedro.com.ar\/sitio\/wp-json\/wp\/v2\/posts\/49930\/revisions"}],"predecessor-version":[{"id":49931,"href":"https:\/\/eldiariodesanpedro.com.ar\/sitio\/wp-json\/wp\/v2\/posts\/49930\/revisions\/49931"}],"wp:featuredmedia":[{"embeddable":true,"href":"https:\/\/eldiariodesanpedro.com.ar\/sitio\/wp-json\/wp\/v2\/media\/30195"}],"wp:attachment":[{"href":"https:\/\/eldiariodesanpedro.com.ar\/sitio\/wp-json\/wp\/v2\/media?parent=49930"}],"wp:term":[{"taxonomy":"category","embeddable":true,"href":"https:\/\/eldiariodesanpedro.com.ar\/sitio\/wp-json\/wp\/v2\/categories?post=49930"},{"taxonomy":"post_tag","embeddable":true,"href":"https:\/\/eldiariodesanpedro.com.ar\/sitio\/wp-json\/wp\/v2\/tags?post=49930"}],"curies":[{"name":"wp","href":"https:\/\/api.w.org\/{rel}","templated":true}]}}