{"id":49925,"date":"2019-04-01T09:09:53","date_gmt":"2019-04-01T12:09:53","guid":{"rendered":"https:\/\/eldiariodesanpedro.com.ar\/sitio\/?p=49925"},"modified":"2019-04-01T10:04:56","modified_gmt":"2019-04-01T13:04:56","slug":"le-robaron-todas-sus-pertenencias-al-arbitro-que-dirigio-mitre-y-g-rojo","status":"publish","type":"post","link":"https:\/\/eldiariodesanpedro.com.ar\/sitio\/le-robaron-todas-sus-pertenencias-al-arbitro-que-dirigio-mitre-y-g-rojo\/","title":{"rendered":"Le robaron todas sus pertenencias al \u00e1rbitro que dirigi\u00f3 Mitre y General Rojo"},"content":{"rendered":"<!-- VideographyWP Plugin Message: Automatic video embedding prevented by plugin options. -->\n\n<p>Sucedi\u00f3 este fin de semana mientras dirig\u00eda el partido de la \u00faltima fecha de la zona cuatro de la regi\u00f3n Pampeana Norte del Torneo Regional Federal Amateur 2019\u00a0en el Estadio Municipal.<\/p>\n\n\n\n<p>El profesional denuncio en la dependencia local,  que al llegar a su vestuario,  luego de finalizar el empate del equipo Mitre y General Rojo,  el mismo tenia la puerta violentada.<\/p>\n\n\n\n<p>En su interior constat\u00f3 el faltante de su bolso deportivo, indumentarias varias deportivas, elementos de profesi\u00f3n arbitro, un tel\u00e9fono celular Samsung J7, botines y zapatos de vestir.<\/p>\n\n\n\n<p>Toma intervenci\u00f3n la fiscalia N11 de la Dr Ramos.<\/p>\n\n\n\n<p><br><\/p>\n","protected":false},"excerpt":{"rendered":"<p>Sucedi\u00f3 este fin de semana mientras dirig\u00eda el partido de la \u00faltima fecha de la zona cuatro de la regi\u00f3n Pampeana Norte del Torneo Regional Federal Amateur 2019\u00a0en el Estadio Municipal. El profesional denuncio en la dependencia local, que al llegar a su vestuario, luego de finalizar el empate del equipo Mitre y General Rojo, [&hellip;]<\/p>\n","protected":false},"author":4,"featured_media":13371,"comment_status":"open","ping_status":"closed","sticky":false,"template":"","format":"standard","meta":{"om_disable_all_campaigns":false,"_jetpack_memberships_contains_paid_content":false,"footnotes":""},"categories":[50,2,103],"tags":[],"class_list":["post-49925","post","type-post","status-publish","format-standard","has-post-thumbnail","hentry","category-destacadas","category-locales","category-policiales-locales"],"aioseo_notices":[],"gutentor_comment":0,"jetpack_featured_media_url":"https:\/\/eldiariodesanpedro.com.ar\/sitio\/wp-content\/uploads\/2017\/01\/Patrulla-3-e1485286104708.jpg","jetpack_shortlink":"https:\/\/wp.me\/p6RhLt-cZf","jetpack_sharing_enabled":true,"_links":{"self":[{"href":"https:\/\/eldiariodesanpedro.com.ar\/sitio\/wp-json\/wp\/v2\/posts\/49925","targetHints":{"allow":["GET"]}}],"collection":[{"href":"https:\/\/eldiariodesanpedro.com.ar\/sitio\/wp-json\/wp\/v2\/posts"}],"about":[{"href":"https:\/\/eldiariodesanpedro.com.ar\/sitio\/wp-json\/wp\/v2\/types\/post"}],"author":[{"embeddable":true,"href":"https:\/\/eldiariodesanpedro.com.ar\/sitio\/wp-json\/wp\/v2\/users\/4"}],"replies":[{"embeddable":true,"href":"https:\/\/eldiariodesanpedro.com.ar\/sitio\/wp-json\/wp\/v2\/comments?post=49925"}],"version-history":[{"count":2,"href":"https:\/\/eldiariodesanpedro.com.ar\/sitio\/wp-json\/wp\/v2\/posts\/49925\/revisions"}],"predecessor-version":[{"id":49929,"href":"https:\/\/eldiariodesanpedro.com.ar\/sitio\/wp-json\/wp\/v2\/posts\/49925\/revisions\/49929"}],"wp:featuredmedia":[{"embeddable":true,"href":"https:\/\/eldiariodesanpedro.com.ar\/sitio\/wp-json\/wp\/v2\/media\/13371"}],"wp:attachment":[{"href":"https:\/\/eldiariodesanpedro.com.ar\/sitio\/wp-json\/wp\/v2\/media?parent=49925"}],"wp:term":[{"taxonomy":"category","embeddable":true,"href":"https:\/\/eldiariodesanpedro.com.ar\/sitio\/wp-json\/wp\/v2\/categories?post=49925"},{"taxonomy":"post_tag","embeddable":true,"href":"https:\/\/eldiariodesanpedro.com.ar\/sitio\/wp-json\/wp\/v2\/tags?post=49925"}],"curies":[{"name":"wp","href":"https:\/\/api.w.org\/{rel}","templated":true}]}}