{"id":49884,"date":"2019-03-30T20:10:23","date_gmt":"2019-03-30T23:10:23","guid":{"rendered":"https:\/\/eldiariodesanpedro.com.ar\/sitio\/?p=49884"},"modified":"2019-03-30T20:10:37","modified_gmt":"2019-03-30T23:10:37","slug":"talleres-gratuitos-en-el-cic","status":"publish","type":"post","link":"https:\/\/eldiariodesanpedro.com.ar\/sitio\/talleres-gratuitos-en-el-cic\/","title":{"rendered":"Talleres gratuitos en el CIC"},"content":{"rendered":"<!-- VideographyWP Plugin Message: Automatic video embedding prevented by plugin options. -->\n\n<p>\n\nEl Secretario de Coordinaci\u00f3n Ram\u00f3n Salazar y el Secretario de Salud Guillermo Sancho realizaron una recorrida por el Centro Integrador Comunitario para interiorizarse sobre los talleres que se est\u00e1n llevando a cabo en ese lugar y que sirven de capacitaci\u00f3n para grandes y chicos.Con el trabajo conjunto de la Secretar\u00eda de Desarrollo Humano, la Secretar\u00eda de Salud, la Direcci\u00f3n de Modernizaci\u00f3n y el CIC se desarrollan, en el Punto Digital, talleres de alfabetizaci\u00f3n que comprenden cursos de Word y Excel b\u00e1sicos, para todas la edades todos los d\u00edas de la semana.Tambi\u00e9n hay una sala de juegos que los chicos utilizan para divertirse, esparcirse, distraerse y recibir apoyo y contenci\u00f3n.&nbsp;Una tercera parte es el&nbsp; SUM o sala de cine que se utiliza para eventos o reuniones con proyector y pel\u00edculas. Todos estos espacios adem\u00e1s son utilizados por alumnos y maestros de la Escuela N\u00b047 para realizar diferentes tareas y actividades escolares.Debido a la gran demanda, a partir de la pr\u00f3xima semana se estar\u00edan implementando nuevos horarios para que la gente pueda acercarse y capacitarse de forma libre y gratuita.<\/p>\n\n\n\n<p>Alfabetizaci\u00f3n Digital (Word y Excel) lunes mi\u00e9rcoles y viernes 9hs\/ lunes y mi\u00e9rcoles\u00a0 13 hs\/ martes y jueves 13 hs.Impresi\u00f3n 3D y Rob\u00f3tica: martes y jueves 10hs.<\/p>\n\n\n\n<figure class=\"wp-block-image\"><img decoding=\"async\" width=\"1024\" height=\"621\" data-attachment-id=\"49885\" data-permalink=\"https:\/\/eldiariodesanpedro.com.ar\/sitio\/talleres-gratuitos-en-el-cic\/attachment\/32\/\" data-orig-file=\"https:\/\/eldiariodesanpedro.com.ar\/sitio\/wp-content\/uploads\/2019\/03\/32.jpg\" data-orig-size=\"4473,2713\" data-comments-opened=\"1\" data-image-meta=\"{&quot;aperture&quot;:&quot;4&quot;,&quot;credit&quot;:&quot;&quot;,&quot;camera&quot;:&quot;Canon EOS 5D Mark III&quot;,&quot;caption&quot;:&quot;&quot;,&quot;created_timestamp&quot;:&quot;1561468256&quot;,&quot;copyright&quot;:&quot;&quot;,&quot;focal_length&quot;:&quot;105&quot;,&quot;iso&quot;:&quot;640&quot;,&quot;shutter_speed&quot;:&quot;0.0125&quot;,&quot;title&quot;:&quot;&quot;,&quot;orientation&quot;:&quot;0&quot;}\" data-image-title=\"3(2)\" data-image-description=\"\" data-image-caption=\"\" data-large-file=\"https:\/\/eldiariodesanpedro.com.ar\/sitio\/wp-content\/uploads\/2019\/03\/32-1024x621.jpg\" data-src=\"https:\/\/eldiariodesanpedro.com.ar\/sitio\/wp-content\/uploads\/2019\/03\/32-1024x621.jpg\" alt=\"\" class=\"wp-image-49885 lazyload\" data-srcset=\"https:\/\/eldiariodesanpedro.com.ar\/sitio\/wp-content\/uploads\/2019\/03\/32-1024x621.jpg 1024w, https:\/\/eldiariodesanpedro.com.ar\/sitio\/wp-content\/uploads\/2019\/03\/32-300x182.jpg 300w, https:\/\/eldiariodesanpedro.com.ar\/sitio\/wp-content\/uploads\/2019\/03\/32-768x466.jpg 768w\" data-sizes=\"(max-width: 1024px) 100vw, 1024px\" src=\"data:image\/svg+xml;base64,PHN2ZyB3aWR0aD0iMSIgaGVpZ2h0PSIxIiB4bWxucz0iaHR0cDovL3d3dy53My5vcmcvMjAwMC9zdmciPjwvc3ZnPg==\" style=\"--smush-placeholder-width: 1024px; --smush-placeholder-aspect-ratio: 1024\/621;\" \/><\/figure>\n\n\n\n<figure class=\"wp-block-image\"><img decoding=\"async\" width=\"1024\" height=\"593\" data-attachment-id=\"49887\" data-permalink=\"https:\/\/eldiariodesanpedro.com.ar\/sitio\/talleres-gratuitos-en-el-cic\/15-4\/\" data-orig-file=\"https:\/\/eldiariodesanpedro.com.ar\/sitio\/wp-content\/uploads\/2019\/03\/15.jpg\" data-orig-size=\"5760,3335\" data-comments-opened=\"1\" data-image-meta=\"{&quot;aperture&quot;:&quot;4&quot;,&quot;credit&quot;:&quot;&quot;,&quot;camera&quot;:&quot;Canon EOS 5D Mark III&quot;,&quot;caption&quot;:&quot;&quot;,&quot;created_timestamp&quot;:&quot;1561468557&quot;,&quot;copyright&quot;:&quot;&quot;,&quot;focal_length&quot;:&quot;24&quot;,&quot;iso&quot;:&quot;1600&quot;,&quot;shutter_speed&quot;:&quot;0.01&quot;,&quot;title&quot;:&quot;&quot;,&quot;orientation&quot;:&quot;0&quot;}\" data-image-title=\"15\" data-image-description=\"\" data-image-caption=\"\" data-large-file=\"https:\/\/eldiariodesanpedro.com.ar\/sitio\/wp-content\/uploads\/2019\/03\/15-1024x593.jpg\" data-src=\"https:\/\/eldiariodesanpedro.com.ar\/sitio\/wp-content\/uploads\/2019\/03\/15-1024x593.jpg\" alt=\"\" class=\"wp-image-49887 lazyload\" data-srcset=\"https:\/\/eldiariodesanpedro.com.ar\/sitio\/wp-content\/uploads\/2019\/03\/15-1024x593.jpg 1024w, https:\/\/eldiariodesanpedro.com.ar\/sitio\/wp-content\/uploads\/2019\/03\/15-300x174.jpg 300w, https:\/\/eldiariodesanpedro.com.ar\/sitio\/wp-content\/uploads\/2019\/03\/15-768x445.jpg 768w\" data-sizes=\"(max-width: 1024px) 100vw, 1024px\" src=\"data:image\/svg+xml;base64,PHN2ZyB3aWR0aD0iMSIgaGVpZ2h0PSIxIiB4bWxucz0iaHR0cDovL3d3dy53My5vcmcvMjAwMC9zdmciPjwvc3ZnPg==\" style=\"--smush-placeholder-width: 1024px; --smush-placeholder-aspect-ratio: 1024\/593;\" \/><\/figure>\n","protected":false},"excerpt":{"rendered":"<p>El Secretario de Coordinaci\u00f3n Ram\u00f3n Salazar y el Secretario de Salud Guillermo Sancho realizaron una recorrida por el Centro Integrador Comunitario para interiorizarse sobre los talleres que se est\u00e1n llevando a cabo en ese lugar y que sirven de capacitaci\u00f3n para grandes y chicos.Con el trabajo conjunto de la Secretar\u00eda de Desarrollo Humano, la Secretar\u00eda [&hellip;]<\/p>\n","protected":false},"author":4,"featured_media":49886,"comment_status":"open","ping_status":"closed","sticky":false,"template":"","format":"standard","meta":{"om_disable_all_campaigns":false,"_jetpack_memberships_contains_paid_content":false,"footnotes":""},"categories":[101,2],"tags":[],"class_list":["post-49884","post","type-post","status-publish","format-standard","has-post-thumbnail","hentry","category-interes-general-locales","category-locales"],"aioseo_notices":[],"gutentor_comment":0,"jetpack_featured_media_url":"https:\/\/eldiariodesanpedro.com.ar\/sitio\/wp-content\/uploads\/2019\/03\/3-1.jpg","jetpack_shortlink":"https:\/\/wp.me\/p6RhLt-cYA","jetpack_sharing_enabled":true,"_links":{"self":[{"href":"https:\/\/eldiariodesanpedro.com.ar\/sitio\/wp-json\/wp\/v2\/posts\/49884","targetHints":{"allow":["GET"]}}],"collection":[{"href":"https:\/\/eldiariodesanpedro.com.ar\/sitio\/wp-json\/wp\/v2\/posts"}],"about":[{"href":"https:\/\/eldiariodesanpedro.com.ar\/sitio\/wp-json\/wp\/v2\/types\/post"}],"author":[{"embeddable":true,"href":"https:\/\/eldiariodesanpedro.com.ar\/sitio\/wp-json\/wp\/v2\/users\/4"}],"replies":[{"embeddable":true,"href":"https:\/\/eldiariodesanpedro.com.ar\/sitio\/wp-json\/wp\/v2\/comments?post=49884"}],"version-history":[{"count":1,"href":"https:\/\/eldiariodesanpedro.com.ar\/sitio\/wp-json\/wp\/v2\/posts\/49884\/revisions"}],"predecessor-version":[{"id":49888,"href":"https:\/\/eldiariodesanpedro.com.ar\/sitio\/wp-json\/wp\/v2\/posts\/49884\/revisions\/49888"}],"wp:featuredmedia":[{"embeddable":true,"href":"https:\/\/eldiariodesanpedro.com.ar\/sitio\/wp-json\/wp\/v2\/media\/49886"}],"wp:attachment":[{"href":"https:\/\/eldiariodesanpedro.com.ar\/sitio\/wp-json\/wp\/v2\/media?parent=49884"}],"wp:term":[{"taxonomy":"category","embeddable":true,"href":"https:\/\/eldiariodesanpedro.com.ar\/sitio\/wp-json\/wp\/v2\/categories?post=49884"},{"taxonomy":"post_tag","embeddable":true,"href":"https:\/\/eldiariodesanpedro.com.ar\/sitio\/wp-json\/wp\/v2\/tags?post=49884"}],"curies":[{"name":"wp","href":"https:\/\/api.w.org\/{rel}","templated":true}]}}