{"id":49858,"date":"2019-03-30T12:07:59","date_gmt":"2019-03-30T15:07:59","guid":{"rendered":"https:\/\/eldiariodesanpedro.com.ar\/sitio\/?p=49858"},"modified":"2019-03-30T12:08:13","modified_gmt":"2019-03-30T15:08:13","slug":"se-viene-la-segunda-feria-del-ano","status":"publish","type":"post","link":"https:\/\/eldiariodesanpedro.com.ar\/sitio\/se-viene-la-segunda-feria-del-ano\/","title":{"rendered":"Se viene la segunda feria del a\u00f1o!"},"content":{"rendered":"<!-- VideographyWP Plugin Message: Automatic video embedding prevented by plugin options. -->\n\n<p>El oto\u00f1o tendr\u00e1 un encuentro m\u00e1s de las habituales para Frutos de la Tierra y el R\u00edo.\u00a0<\/p>\n\n\n\n<figure class=\"wp-block-embed-youtube wp-block-embed is-type-video is-provider-youtube wp-embed-aspect-4-3 wp-has-aspect-ratio\"><div class=\"wp-block-embed__wrapper\">\n<iframe  style=\"display: block; margin: 0px auto;\"  id=\"_ytid_39223\"  width=\"640\" height=\"480\"  data-origwidth=\"640\" data-origheight=\"480\" src=\"https:\/\/www.youtube.com\/embed\/HROJ9TN7ofo?enablejsapi=1&#038;autoplay=0&#038;cc_load_policy=0&#038;cc_lang_pref=&#038;iv_load_policy=1&#038;loop=0&#038;rel=1&#038;fs=1&#038;playsinline=0&#038;autohide=2&#038;theme=dark&#038;color=red&#038;controls=1&#038;disablekb=0&#038;\" class=\"__youtube_prefs__  epyt-is-override  no-lazyload\" title=\"YouTube player\"  allow=\"fullscreen; accelerometer; autoplay; clipboard-write; encrypted-media; gyroscope; picture-in-picture; web-share\" referrerpolicy=\"strict-origin-when-cross-origin\" allowfullscreen data-no-lazy=\"1\" data-skipgform_ajax_framebjll=\"\"><\/iframe>\n<\/div><\/figure>\n\n\n\n<p>En continuidad con la gran participaci\u00f3n de marzo, este ser\u00e1 el primer abril con feria desde la existencia de esta iniciativa. Miel, polen y otros derivados, las hortalizas habituales, mostaza y batatas Ipomea, paltas y mandarinas, plantines de arom\u00e1ticas y cactus, dulces s\u00f3lidos y mermeladas, lana hilada a mano de colores brillantes y para anticipar el invierno, ser\u00e1n algunos de los productos.<\/p>\n\n\n\n<p>Con cada compra, se podr\u00e1 participar del sorteo de una canasta de productos al final del d\u00eda. La propuesta estar\u00e1 disponible frente a Plaza Constituci\u00f3n, en Hip\u00f3lito Yrigoyen entre Mitre y Pellegrini, de 10 a 18 hs. <\/p>\n\n\n\n<figure class=\"wp-block-image\"><img decoding=\"async\" width=\"794\" height=\"1123\" data-attachment-id=\"49860\" data-permalink=\"https:\/\/eldiariodesanpedro.com.ar\/sitio\/se-viene-la-segunda-feria-del-ano\/unnamed-81\/\" data-orig-file=\"https:\/\/eldiariodesanpedro.com.ar\/sitio\/wp-content\/uploads\/2019\/03\/unnamed.png\" data-orig-size=\"794,1123\" data-comments-opened=\"1\" data-image-meta=\"{&quot;aperture&quot;:&quot;0&quot;,&quot;credit&quot;:&quot;&quot;,&quot;camera&quot;:&quot;&quot;,&quot;caption&quot;:&quot;&quot;,&quot;created_timestamp&quot;:&quot;0&quot;,&quot;copyright&quot;:&quot;&quot;,&quot;focal_length&quot;:&quot;0&quot;,&quot;iso&quot;:&quot;0&quot;,&quot;shutter_speed&quot;:&quot;0&quot;,&quot;title&quot;:&quot;&quot;,&quot;orientation&quot;:&quot;0&quot;}\" data-image-title=\"unnamed\" data-image-description=\"\" data-image-caption=\"\" data-large-file=\"https:\/\/eldiariodesanpedro.com.ar\/sitio\/wp-content\/uploads\/2019\/03\/unnamed-724x1024.png\" data-src=\"https:\/\/i2.wp.com\/eldiariodesanpedro.com.ar\/sitio\/wp-content\/uploads\/2019\/03\/unnamed.png?fit=660%2C933\" alt=\"\" class=\"wp-image-49860 lazyload\" data-srcset=\"https:\/\/eldiariodesanpedro.com.ar\/sitio\/wp-content\/uploads\/2019\/03\/unnamed.png 794w, https:\/\/eldiariodesanpedro.com.ar\/sitio\/wp-content\/uploads\/2019\/03\/unnamed-212x300.png 212w, https:\/\/eldiariodesanpedro.com.ar\/sitio\/wp-content\/uploads\/2019\/03\/unnamed-768x1086.png 768w, https:\/\/eldiariodesanpedro.com.ar\/sitio\/wp-content\/uploads\/2019\/03\/unnamed-724x1024.png 724w\" data-sizes=\"(max-width: 794px) 100vw, 794px\" src=\"data:image\/svg+xml;base64,PHN2ZyB3aWR0aD0iMSIgaGVpZ2h0PSIxIiB4bWxucz0iaHR0cDovL3d3dy53My5vcmcvMjAwMC9zdmciPjwvc3ZnPg==\" style=\"--smush-placeholder-width: 794px; --smush-placeholder-aspect-ratio: 794\/1123;\" \/><\/figure>\n","protected":false},"excerpt":{"rendered":"<p>El oto\u00f1o tendr\u00e1 un encuentro m\u00e1s de las habituales para Frutos de la Tierra y el R\u00edo.\u00a0 En continuidad con la gran participaci\u00f3n de marzo, este ser\u00e1 el primer abril con feria desde la existencia de esta iniciativa. Miel, polen y otros derivados, las hortalizas habituales, mostaza y batatas Ipomea, paltas y mandarinas, plantines de [&hellip;]<\/p>\n","protected":false},"author":4,"featured_media":49859,"comment_status":"open","ping_status":"closed","sticky":false,"template":"","format":"standard","meta":{"om_disable_all_campaigns":false,"_jetpack_memberships_contains_paid_content":false,"footnotes":""},"categories":[101,2],"tags":[],"class_list":["post-49858","post","type-post","status-publish","format-standard","has-post-thumbnail","hentry","category-interes-general-locales","category-locales"],"aioseo_notices":[],"gutentor_comment":0,"jetpack_featured_media_url":"https:\/\/eldiariodesanpedro.com.ar\/sitio\/wp-content\/uploads\/2019\/03\/unnamed-copia.png","jetpack_shortlink":"https:\/\/wp.me\/p6RhLt-cYa","jetpack_sharing_enabled":true,"_links":{"self":[{"href":"https:\/\/eldiariodesanpedro.com.ar\/sitio\/wp-json\/wp\/v2\/posts\/49858","targetHints":{"allow":["GET"]}}],"collection":[{"href":"https:\/\/eldiariodesanpedro.com.ar\/sitio\/wp-json\/wp\/v2\/posts"}],"about":[{"href":"https:\/\/eldiariodesanpedro.com.ar\/sitio\/wp-json\/wp\/v2\/types\/post"}],"author":[{"embeddable":true,"href":"https:\/\/eldiariodesanpedro.com.ar\/sitio\/wp-json\/wp\/v2\/users\/4"}],"replies":[{"embeddable":true,"href":"https:\/\/eldiariodesanpedro.com.ar\/sitio\/wp-json\/wp\/v2\/comments?post=49858"}],"version-history":[{"count":1,"href":"https:\/\/eldiariodesanpedro.com.ar\/sitio\/wp-json\/wp\/v2\/posts\/49858\/revisions"}],"predecessor-version":[{"id":49861,"href":"https:\/\/eldiariodesanpedro.com.ar\/sitio\/wp-json\/wp\/v2\/posts\/49858\/revisions\/49861"}],"wp:featuredmedia":[{"embeddable":true,"href":"https:\/\/eldiariodesanpedro.com.ar\/sitio\/wp-json\/wp\/v2\/media\/49859"}],"wp:attachment":[{"href":"https:\/\/eldiariodesanpedro.com.ar\/sitio\/wp-json\/wp\/v2\/media?parent=49858"}],"wp:term":[{"taxonomy":"category","embeddable":true,"href":"https:\/\/eldiariodesanpedro.com.ar\/sitio\/wp-json\/wp\/v2\/categories?post=49858"},{"taxonomy":"post_tag","embeddable":true,"href":"https:\/\/eldiariodesanpedro.com.ar\/sitio\/wp-json\/wp\/v2\/tags?post=49858"}],"curies":[{"name":"wp","href":"https:\/\/api.w.org\/{rel}","templated":true}]}}