{"id":49856,"date":"2019-03-30T11:59:26","date_gmt":"2019-03-30T14:59:26","guid":{"rendered":"https:\/\/eldiariodesanpedro.com.ar\/sitio\/?p=49856"},"modified":"2019-03-30T11:59:32","modified_gmt":"2019-03-30T14:59:32","slug":"un-aprehendido-con-pedido-de-paradero-activo-2","status":"publish","type":"post","link":"https:\/\/eldiariodesanpedro.com.ar\/sitio\/un-aprehendido-con-pedido-de-paradero-activo-2\/","title":{"rendered":"Un aprehendido con pedido de paradero activo"},"content":{"rendered":"<!-- VideographyWP Plugin Message: Automatic video embedding prevented by plugin options. -->\n\n<p>Tras varios llamados por molestias ocasionadas en la Plaza Belgrano, personal policial acude a recepcionar el hecho.<\/p>\n\n\n\n<p>Uno de los masculinos que se encontraban all\u00ed, de 42 a\u00f1os de edad, al ser identificado por el sistema de inform\u00e1tica resulta tener pedido de captura activo solicitado por la fiscalia N\u00ba5 de nuestra ciudad.<\/p>\n\n\n\n<p>Ademas tenia en su poder un aparato m\u00f3dem que no supo explicar su procedencia.<\/p>\n\n\n\n<p>El aprehendido fue trasladado a la dependencia local.<br><\/p>\n","protected":false},"excerpt":{"rendered":"<p>Tras varios llamados por molestias ocasionadas en la Plaza Belgrano, personal policial acude a recepcionar el hecho. Uno de los masculinos que se encontraban all\u00ed, de 42 a\u00f1os de edad, al ser identificado por el sistema de inform\u00e1tica resulta tener pedido de captura activo solicitado por la fiscalia N\u00ba5 de nuestra ciudad. Ademas tenia en [&hellip;]<\/p>\n","protected":false},"author":4,"featured_media":39230,"comment_status":"open","ping_status":"closed","sticky":false,"template":"","format":"standard","meta":{"om_disable_all_campaigns":false,"_jetpack_memberships_contains_paid_content":false,"footnotes":""},"categories":[2,103],"tags":[],"class_list":["post-49856","post","type-post","status-publish","format-standard","has-post-thumbnail","hentry","category-locales","category-policiales-locales"],"aioseo_notices":[],"gutentor_comment":3,"jetpack_featured_media_url":"https:\/\/eldiariodesanpedro.com.ar\/sitio\/wp-content\/uploads\/2018\/08\/patrullero-policia_3.jpg","jetpack_shortlink":"https:\/\/wp.me\/p6RhLt-cY8","jetpack_sharing_enabled":true,"_links":{"self":[{"href":"https:\/\/eldiariodesanpedro.com.ar\/sitio\/wp-json\/wp\/v2\/posts\/49856","targetHints":{"allow":["GET"]}}],"collection":[{"href":"https:\/\/eldiariodesanpedro.com.ar\/sitio\/wp-json\/wp\/v2\/posts"}],"about":[{"href":"https:\/\/eldiariodesanpedro.com.ar\/sitio\/wp-json\/wp\/v2\/types\/post"}],"author":[{"embeddable":true,"href":"https:\/\/eldiariodesanpedro.com.ar\/sitio\/wp-json\/wp\/v2\/users\/4"}],"replies":[{"embeddable":true,"href":"https:\/\/eldiariodesanpedro.com.ar\/sitio\/wp-json\/wp\/v2\/comments?post=49856"}],"version-history":[{"count":1,"href":"https:\/\/eldiariodesanpedro.com.ar\/sitio\/wp-json\/wp\/v2\/posts\/49856\/revisions"}],"predecessor-version":[{"id":49857,"href":"https:\/\/eldiariodesanpedro.com.ar\/sitio\/wp-json\/wp\/v2\/posts\/49856\/revisions\/49857"}],"wp:featuredmedia":[{"embeddable":true,"href":"https:\/\/eldiariodesanpedro.com.ar\/sitio\/wp-json\/wp\/v2\/media\/39230"}],"wp:attachment":[{"href":"https:\/\/eldiariodesanpedro.com.ar\/sitio\/wp-json\/wp\/v2\/media?parent=49856"}],"wp:term":[{"taxonomy":"category","embeddable":true,"href":"https:\/\/eldiariodesanpedro.com.ar\/sitio\/wp-json\/wp\/v2\/categories?post=49856"},{"taxonomy":"post_tag","embeddable":true,"href":"https:\/\/eldiariodesanpedro.com.ar\/sitio\/wp-json\/wp\/v2\/tags?post=49856"}],"curies":[{"name":"wp","href":"https:\/\/api.w.org\/{rel}","templated":true}]}}