{"id":49854,"date":"2019-03-30T11:50:20","date_gmt":"2019-03-30T14:50:20","guid":{"rendered":"https:\/\/eldiariodesanpedro.com.ar\/sitio\/?p=49854"},"modified":"2019-03-30T11:50:27","modified_gmt":"2019-03-30T14:50:27","slug":"dos-mujeres-aprehendidas-por-rina","status":"publish","type":"post","link":"https:\/\/eldiariodesanpedro.com.ar\/sitio\/dos-mujeres-aprehendidas-por-rina\/","title":{"rendered":"Dos mujeres aprehendidas por ri\u00f1a"},"content":{"rendered":"<!-- VideographyWP Plugin Message: Automatic video embedding prevented by plugin options. -->\n\n<p>Sucedi\u00f3 esta madrugada cuando personal policial es alertado tras una ri\u00f1a callejera entre mujeres.<\/p>\n\n\n\n<p>El hecho estaba ocurriendo en intersecci\u00f3n de las calles Obligado entre Salta y Pellegrini cuando dos mujeres mayores de edad agred\u00edan f\u00edsicamente a dos mas j\u00f3venes.<\/p>\n\n\n\n<p>Al momento del arribo policial quedan aprehendidas las mayores y un sujeto quien intento impedir el accionar de los efectivos.<\/p>\n\n\n\n<p>De esta manera las tres personas fueron derivadas a la sede policial.<\/p>\n\n\n\n<p>Interviene la fiscalia N\u00ba11<br><\/p>\n","protected":false},"excerpt":{"rendered":"<p>Sucedi\u00f3 esta madrugada cuando personal policial es alertado tras una ri\u00f1a callejera entre mujeres. El hecho estaba ocurriendo en intersecci\u00f3n de las calles Obligado entre Salta y Pellegrini cuando dos mujeres mayores de edad agred\u00edan f\u00edsicamente a dos mas j\u00f3venes. Al momento del arribo policial quedan aprehendidas las mayores y un sujeto quien intento impedir [&hellip;]<\/p>\n","protected":false},"author":4,"featured_media":30195,"comment_status":"open","ping_status":"closed","sticky":false,"template":"","format":"standard","meta":{"om_disable_all_campaigns":false,"_jetpack_memberships_contains_paid_content":false,"footnotes":""},"categories":[2,103],"tags":[],"class_list":["post-49854","post","type-post","status-publish","format-standard","has-post-thumbnail","hentry","category-locales","category-policiales-locales"],"aioseo_notices":[],"gutentor_comment":0,"jetpack_featured_media_url":"https:\/\/eldiariodesanpedro.com.ar\/sitio\/wp-content\/uploads\/2018\/03\/Aprehendido-y-ofuscado.jpg","jetpack_shortlink":"https:\/\/wp.me\/p6RhLt-cY6","jetpack_sharing_enabled":true,"_links":{"self":[{"href":"https:\/\/eldiariodesanpedro.com.ar\/sitio\/wp-json\/wp\/v2\/posts\/49854","targetHints":{"allow":["GET"]}}],"collection":[{"href":"https:\/\/eldiariodesanpedro.com.ar\/sitio\/wp-json\/wp\/v2\/posts"}],"about":[{"href":"https:\/\/eldiariodesanpedro.com.ar\/sitio\/wp-json\/wp\/v2\/types\/post"}],"author":[{"embeddable":true,"href":"https:\/\/eldiariodesanpedro.com.ar\/sitio\/wp-json\/wp\/v2\/users\/4"}],"replies":[{"embeddable":true,"href":"https:\/\/eldiariodesanpedro.com.ar\/sitio\/wp-json\/wp\/v2\/comments?post=49854"}],"version-history":[{"count":1,"href":"https:\/\/eldiariodesanpedro.com.ar\/sitio\/wp-json\/wp\/v2\/posts\/49854\/revisions"}],"predecessor-version":[{"id":49855,"href":"https:\/\/eldiariodesanpedro.com.ar\/sitio\/wp-json\/wp\/v2\/posts\/49854\/revisions\/49855"}],"wp:featuredmedia":[{"embeddable":true,"href":"https:\/\/eldiariodesanpedro.com.ar\/sitio\/wp-json\/wp\/v2\/media\/30195"}],"wp:attachment":[{"href":"https:\/\/eldiariodesanpedro.com.ar\/sitio\/wp-json\/wp\/v2\/media?parent=49854"}],"wp:term":[{"taxonomy":"category","embeddable":true,"href":"https:\/\/eldiariodesanpedro.com.ar\/sitio\/wp-json\/wp\/v2\/categories?post=49854"},{"taxonomy":"post_tag","embeddable":true,"href":"https:\/\/eldiariodesanpedro.com.ar\/sitio\/wp-json\/wp\/v2\/tags?post=49854"}],"curies":[{"name":"wp","href":"https:\/\/api.w.org\/{rel}","templated":true}]}}