{"id":49837,"date":"2019-03-30T09:52:22","date_gmt":"2019-03-30T12:52:22","guid":{"rendered":"https:\/\/eldiariodesanpedro.com.ar\/sitio\/?p=49837"},"modified":"2019-03-30T09:52:33","modified_gmt":"2019-03-30T12:52:33","slug":"mas-de-100-familias-campanenses-recibieron-y-firmaron-sus-escrituras","status":"publish","type":"post","link":"https:\/\/eldiariodesanpedro.com.ar\/sitio\/mas-de-100-familias-campanenses-recibieron-y-firmaron-sus-escrituras\/","title":{"rendered":"M\u00e1s de 100 familias campanenses recibieron y firmaron sus escrituras"},"content":{"rendered":"<!-- VideographyWP Plugin Message: Automatic video embedding prevented by plugin options. -->\n\n<p> Un total de 52 familias adquirieron sus t\u00edtulos de la propiedad definitivos y otras 63 los firmaron. Todos fueron tramitados gratis a trav\u00e9s del Municipio, la Escriban\u00eda de Gobierno y el Instituto de la Vivienda.<\/p>\n\n\n\n<p>\n\nUn total de 52 familias recibieron sus escrituras y otras 63 procedieron a la firma de la misma.<\/p>\n\n\n\n<p>Estos t\u00edtulos de la propiedad fueron tramitados gratis a trav\u00e9s de la Ley 10.830, logrando su obtenci\u00f3n gracias al trabajo conjunto entre la Escriban\u00eda de Gobierno, el Instituto de la Vivienda y la Direcci\u00f3n General de Gesti\u00f3n de H\u00e1bitat, Banco de Tierras e Inclusi\u00f3n Social del Municipio.<\/p>\n\n\n\n<p>El acto de entrega, que se desarroll\u00f3 en el C\u00edrculo Italiano, estuvo encabezado por la jefa de Gabinete, Mariela Schvartz; junto a la secretaria de Desarrollo Social y H\u00e1bitat, Cecilia Acciardi; y el subsecretario de Desarrollo Territorial y H\u00e1bitat, Javier Contreras.&nbsp;<\/p>\n\n\n\n<p>Adem\u00e1s, acompa\u00f1aron el Asesor de la Escriban\u00eda General de Gobierno de la Provincia de Buenos Aires, Guillermo Vassallo y los escribanos Leandro Morgante y Silvina Vargas.<\/p>\n\n\n\n<p>Durante el acto, Vasallo felicit\u00f3 a todos los presentes y mencion\u00f3 que \u00abes una encomienda especial de parte de la gobernadora Mar\u00eda Eugenia Vidal de que, en toda la Provincia, todos los ciudadanos puedan regularizar su situaci\u00f3n dominial\u00bb. Adem\u00e1s, indic\u00f3 que \u00abya se han entregado m\u00e1s de 80.000\u00bb.<\/p>\n\n\n\n<p>Por su parte, Schvartz extendi\u00f3 las felicitaciones a todo el equipo del Municipio que desde que inici\u00f3 la gesti\u00f3n del intendente Sebasti\u00e1n Abella hizo una gran labor para que los vecinos de la ciudad que a\u00fan no tuvieran su escritura cumplan con el sue\u00f1o de obtenerla.<\/p>\n\n\n\n<p>\u00abDetr\u00e1s de cada sue\u00f1o siempre hay mucho trabajo\u00bb, enfatiz\u00f3 y agreg\u00f3 que \u00abdesde el Municipio se realiza un fuerte trabajo articulado con la Provincia. Vemos que los vecinos se acercan con entusiasmo a tramitar sus escrituras y celebramos junto a ellos cuando se las entregamos\u00bb.<\/p>\n\n\n\n<p>Finalmente, Contreras destac\u00f3 que \u00abla escritura es un bien tangible que refleja a la vez el inicio de nuevos proyectos y, de alguna manera, resuelve muchas cuestiones en la vida cada vecino\u00bb.<\/p>\n\n\n\n<p>\u00abHemos regularizado y optimizado el proceso. Afortunadamente la rapidez en los tr\u00e1mites y el hecho de haber acortado tiempos burocr\u00e1ticos se transform\u00f3 en la confianza de los vecinos hacia nosotros. Entregamos no solo escrituras iniciadas en nuestra gesti\u00f3n sino tambi\u00e9n muchas otras que hab\u00edan quedado en el olvido\u00bb, complet\u00f3 Contreras quien tambi\u00e9n subray\u00f3 todo el trabajo en equipo.<\/p>\n\n\n\n<p>El acto cont\u00f3 tambi\u00e9n con la presencia de la directora General de Gesti\u00f3n de H\u00e1bitat, Banco de Tierras e Inclusi\u00f3n Social, Luciana Puglisi; el subdirector de Banco de Tierras, Jos\u00e9 Brito; y el concejal de Cambiemos Luis G\u00f3mez.<\/p>\n\n\n\n<p><strong>C\u00d3MO INICIAR LOS TR\u00c1MITES DE ESCRITURA<br><\/strong>Los interesados en iniciar los tr\u00e1mites de escrituraci\u00f3n gratuitamente podr\u00e1n acercarse a la oficina de Casa de Tierras y H\u00e1bitat, ubicada en 25 de Mayo 856, de lunes a viernes de 7 a 14.<\/p>\n\n\n\n<p>Adem\u00e1s, se dise\u00f1\u00f3 un cronograma de oficina itinerante donde personal municipal recorre los barrios y, en las sociedades de fomento, brinda asesoramiento a los vecinos atendiendo cada caso en particular. All\u00ed pueden conocer los requisitos y condiciones para iniciar cada tr\u00e1mite.<\/p>\n\n\n\n<p>El cronograma en cuesti\u00f3n ser\u00e1 informado con anticipaci\u00f3n a trav\u00e9s de los diferentes medios de comunicaci\u00f3n. <\/p>\n\n\n\n<p>FUENTE: CAMPANA NOTICIAS<\/p>\n\n\n\n<p><br><\/p>\n","protected":false},"excerpt":{"rendered":"<p>Un total de 52 familias adquirieron sus t\u00edtulos de la propiedad definitivos y otras 63 los firmaron. Todos fueron tramitados gratis a trav\u00e9s del Municipio, la Escriban\u00eda de Gobierno y el Instituto de la Vivienda. Un total de 52 familias recibieron sus escrituras y otras 63 procedieron a la firma de la misma. Estos t\u00edtulos [&hellip;]<\/p>\n","protected":false},"author":4,"featured_media":49838,"comment_status":"open","ping_status":"closed","sticky":false,"template":"","format":"standard","meta":{"om_disable_all_campaigns":false,"_jetpack_memberships_contains_paid_content":false,"footnotes":""},"categories":[621],"tags":[],"class_list":["post-49837","post","type-post","status-publish","format-standard","has-post-thumbnail","hentry","category-regionales"],"aioseo_notices":[],"gutentor_comment":0,"jetpack_featured_media_url":"https:\/\/eldiariodesanpedro.com.ar\/sitio\/wp-content\/uploads\/2019\/03\/20190329033424.jpg","jetpack_shortlink":"https:\/\/wp.me\/p6RhLt-cXP","jetpack_sharing_enabled":true,"_links":{"self":[{"href":"https:\/\/eldiariodesanpedro.com.ar\/sitio\/wp-json\/wp\/v2\/posts\/49837","targetHints":{"allow":["GET"]}}],"collection":[{"href":"https:\/\/eldiariodesanpedro.com.ar\/sitio\/wp-json\/wp\/v2\/posts"}],"about":[{"href":"https:\/\/eldiariodesanpedro.com.ar\/sitio\/wp-json\/wp\/v2\/types\/post"}],"author":[{"embeddable":true,"href":"https:\/\/eldiariodesanpedro.com.ar\/sitio\/wp-json\/wp\/v2\/users\/4"}],"replies":[{"embeddable":true,"href":"https:\/\/eldiariodesanpedro.com.ar\/sitio\/wp-json\/wp\/v2\/comments?post=49837"}],"version-history":[{"count":1,"href":"https:\/\/eldiariodesanpedro.com.ar\/sitio\/wp-json\/wp\/v2\/posts\/49837\/revisions"}],"predecessor-version":[{"id":49839,"href":"https:\/\/eldiariodesanpedro.com.ar\/sitio\/wp-json\/wp\/v2\/posts\/49837\/revisions\/49839"}],"wp:featuredmedia":[{"embeddable":true,"href":"https:\/\/eldiariodesanpedro.com.ar\/sitio\/wp-json\/wp\/v2\/media\/49838"}],"wp:attachment":[{"href":"https:\/\/eldiariodesanpedro.com.ar\/sitio\/wp-json\/wp\/v2\/media?parent=49837"}],"wp:term":[{"taxonomy":"category","embeddable":true,"href":"https:\/\/eldiariodesanpedro.com.ar\/sitio\/wp-json\/wp\/v2\/categories?post=49837"},{"taxonomy":"post_tag","embeddable":true,"href":"https:\/\/eldiariodesanpedro.com.ar\/sitio\/wp-json\/wp\/v2\/tags?post=49837"}],"curies":[{"name":"wp","href":"https:\/\/api.w.org\/{rel}","templated":true}]}}