{"id":49834,"date":"2019-03-30T09:50:11","date_gmt":"2019-03-30T12:50:11","guid":{"rendered":"https:\/\/eldiariodesanpedro.com.ar\/sitio\/?p=49834"},"modified":"2019-03-30T09:50:23","modified_gmt":"2019-03-30T12:50:23","slug":"campana-homenajeara-a-los-veteranos-y-caidos-en-la-guerra-de-malvinas","status":"publish","type":"post","link":"https:\/\/eldiariodesanpedro.com.ar\/sitio\/campana-homenajeara-a-los-veteranos-y-caidos-en-la-guerra-de-malvinas\/","title":{"rendered":"Campana homenajear\u00e1 a los veteranos y ca\u00eddos en la guerra de Malvinas"},"content":{"rendered":"<!-- VideographyWP Plugin Message: Automatic video embedding prevented by plugin options. -->\n\n<p> El martes 2 a las 8 habr\u00e1 un acto frente al Monolito erigido en la Plaza \u00abDr. Eduardo Costa\u00bb, mientras que el viernes 5 a las 10 se inaugurar\u00e1 el avi\u00f3n Pucar\u00e1 emplazado en el Parque Urbano. Ese d\u00eda la jornada cerrar\u00e1 con un gran show de Jairo.<\/p>\n\n\n\n<p>\n\nEl Municipio anunci\u00f3 el cronograma de actos oficiales por el 37\u00ba Aniversario de la Guerra de Malvinas, que se realizar\u00e1n el martes 2 y el viernes 5.<\/p>\n\n\n\n<p>Seg\u00fan se inform\u00f3, el cronograma se iniciar\u00e1 el martes 2 de abril, D\u00eda del Veterano y de los Ca\u00eddos en la guerra de Malvinas, con un acto en la plaza Eduardo Costa.<\/p>\n\n\n\n<p>Ser\u00e1 desde las 8 frente al monolito erigido en la plaza con la participaci\u00f3n de autoridades municipales, ex combatientes, familiares, y comunidad en general.<\/p>\n\n\n\n<p>All\u00ed se realizar\u00e1 el izamiento de la bandera nacional, se colocar\u00e1 una ofrenda floral y habr\u00e1 un minuto de silencio. El himno nacional y la marcha a Las Malvinas ser\u00e1n interpretados por la Banda Municipal de Campana.<\/p>\n\n\n\n<p>El viernes 5, en tanto, se llevar\u00e1 a cabo la inauguraci\u00f3n del avi\u00f3n Pucar\u00e1 emplazado en el Parque Urbano.<\/p>\n\n\n\n<p>El acto central se iniciar\u00e1 a las 10 con la presencia de la Banda Militar de M\u00fasica de la Fuerza A\u00e9rea Argentina y el Coro Polif\u00f3nico Municipal.&nbsp;<\/p>\n\n\n\n<p>Luego de los discursos y reconocimientos, el avi\u00f3n ser\u00e1 bendecido en una ceremonia inter-religiosa.<\/p>\n\n\n\n<p>El cierre estar\u00e1 a cargo del ballet \u201cLa Familia\u201d mientras que Silvina Bosoni, integrante de La Circoneta, realizar\u00e1 una performance art\u00edstica que incluir\u00e1 al Pucar\u00e1.<\/p>\n\n\n\n<p>La jornada continuar\u00e1 a las 19 con la presentaci\u00f3n en vivo de Jairo, quien brindar\u00e1 en el Parque Urbano un recital de entrada libre y gratuita a modo de cierre de una hist\u00f3rica semana de homenaje.\n\n<\/p>\n\n\n\n<p>FUENTE: CAMPANA NOTICIAS<\/p>\n","protected":false},"excerpt":{"rendered":"<p>El martes 2 a las 8 habr\u00e1 un acto frente al Monolito erigido en la Plaza \u00abDr. Eduardo Costa\u00bb, mientras que el viernes 5 a las 10 se inaugurar\u00e1 el avi\u00f3n Pucar\u00e1 emplazado en el Parque Urbano. Ese d\u00eda la jornada cerrar\u00e1 con un gran show de Jairo. El Municipio anunci\u00f3 el cronograma de actos [&hellip;]<\/p>\n","protected":false},"author":4,"featured_media":49835,"comment_status":"open","ping_status":"closed","sticky":false,"template":"","format":"standard","meta":{"om_disable_all_campaigns":false,"_jetpack_memberships_contains_paid_content":false,"footnotes":""},"categories":[621],"tags":[],"class_list":["post-49834","post","type-post","status-publish","format-standard","has-post-thumbnail","hentry","category-regionales"],"aioseo_notices":[],"gutentor_comment":0,"jetpack_featured_media_url":"https:\/\/eldiariodesanpedro.com.ar\/sitio\/wp-content\/uploads\/2019\/03\/20190329080258.jpg","jetpack_shortlink":"https:\/\/wp.me\/p6RhLt-cXM","jetpack_sharing_enabled":true,"_links":{"self":[{"href":"https:\/\/eldiariodesanpedro.com.ar\/sitio\/wp-json\/wp\/v2\/posts\/49834","targetHints":{"allow":["GET"]}}],"collection":[{"href":"https:\/\/eldiariodesanpedro.com.ar\/sitio\/wp-json\/wp\/v2\/posts"}],"about":[{"href":"https:\/\/eldiariodesanpedro.com.ar\/sitio\/wp-json\/wp\/v2\/types\/post"}],"author":[{"embeddable":true,"href":"https:\/\/eldiariodesanpedro.com.ar\/sitio\/wp-json\/wp\/v2\/users\/4"}],"replies":[{"embeddable":true,"href":"https:\/\/eldiariodesanpedro.com.ar\/sitio\/wp-json\/wp\/v2\/comments?post=49834"}],"version-history":[{"count":1,"href":"https:\/\/eldiariodesanpedro.com.ar\/sitio\/wp-json\/wp\/v2\/posts\/49834\/revisions"}],"predecessor-version":[{"id":49836,"href":"https:\/\/eldiariodesanpedro.com.ar\/sitio\/wp-json\/wp\/v2\/posts\/49834\/revisions\/49836"}],"wp:featuredmedia":[{"embeddable":true,"href":"https:\/\/eldiariodesanpedro.com.ar\/sitio\/wp-json\/wp\/v2\/media\/49835"}],"wp:attachment":[{"href":"https:\/\/eldiariodesanpedro.com.ar\/sitio\/wp-json\/wp\/v2\/media?parent=49834"}],"wp:term":[{"taxonomy":"category","embeddable":true,"href":"https:\/\/eldiariodesanpedro.com.ar\/sitio\/wp-json\/wp\/v2\/categories?post=49834"},{"taxonomy":"post_tag","embeddable":true,"href":"https:\/\/eldiariodesanpedro.com.ar\/sitio\/wp-json\/wp\/v2\/tags?post=49834"}],"curies":[{"name":"wp","href":"https:\/\/api.w.org\/{rel}","templated":true}]}}