{"id":49828,"date":"2019-03-30T09:12:11","date_gmt":"2019-03-30T12:12:11","guid":{"rendered":"https:\/\/eldiariodesanpedro.com.ar\/sitio\/?p=49828"},"modified":"2019-03-30T09:12:22","modified_gmt":"2019-03-30T12:12:22","slug":"este-domingo-rendiran-homenaje-a-osvaldo-pato-morresi","status":"publish","type":"post","link":"https:\/\/eldiariodesanpedro.com.ar\/sitio\/este-domingo-rendiran-homenaje-a-osvaldo-pato-morresi\/","title":{"rendered":"Este domingo rendir\u00e1n homenaje a Osvaldo \u00abPato\u00bb Morresi"},"content":{"rendered":"<!-- VideographyWP Plugin Message: Automatic video embedding prevented by plugin options. -->\n\n<p>La Municipalidad de San Pedro rendir\u00e1 homenaje \u00e9ste domingo 31 a uno de los deportistas m\u00e1s destacados de su historia, Osvaldo Morresi.<\/p>\n\n\n\n<p>A partir de las 15 hs, en la Plazoleta Fray Cayetano Rodr\u00edguez, se realizar\u00e1 un acto en conmemoraci\u00f3n del duod\u00e9cimo quinto aniversario del fallecimiento del piloto de carreras.<\/p>\n\n\n\n<p>Amigos, vecinos, sampedrinos y turistas est\u00e1n invitados a \u00e9ste evento donde se le va a rendir homenaje al reconocido deportista. Adem\u00e1s se va a llevar a cabo el descubrimiento de placas conmemorativas y la inauguraci\u00f3n del pasaje Osvaldo \u201cPato\u201d Morresi.<\/p>\n\n\n\n<p>Como a\u00f1os anteriores, desde las 10 hs se realizar\u00e1 un encuentro de la marca Chevrolet.<\/p>\n\n\n\n<figure class=\"wp-block-image\"><img decoding=\"async\" width=\"626\" height=\"357\" data-attachment-id=\"49829\" data-permalink=\"https:\/\/eldiariodesanpedro.com.ar\/sitio\/este-domingo-rendiran-homenaje-a-osvaldo-pato-morresi\/revista-corsa-pato\/\" data-orig-file=\"https:\/\/eldiariodesanpedro.com.ar\/sitio\/wp-content\/uploads\/2019\/03\/REVISTA-CORSA-PATO.jpg\" data-orig-size=\"626,357\" data-comments-opened=\"1\" data-image-meta=\"{&quot;aperture&quot;:&quot;0&quot;,&quot;credit&quot;:&quot;&quot;,&quot;camera&quot;:&quot;&quot;,&quot;caption&quot;:&quot;&quot;,&quot;created_timestamp&quot;:&quot;0&quot;,&quot;copyright&quot;:&quot;&quot;,&quot;focal_length&quot;:&quot;0&quot;,&quot;iso&quot;:&quot;0&quot;,&quot;shutter_speed&quot;:&quot;0&quot;,&quot;title&quot;:&quot;&quot;,&quot;orientation&quot;:&quot;0&quot;}\" data-image-title=\"REVISTA-CORSA-PATO\" data-image-description=\"\" data-image-caption=\"\" data-large-file=\"https:\/\/eldiariodesanpedro.com.ar\/sitio\/wp-content\/uploads\/2019\/03\/REVISTA-CORSA-PATO.jpg\" data-src=\"https:\/\/eldiariodesanpedro.com.ar\/sitio\/wp-content\/uploads\/2019\/03\/REVISTA-CORSA-PATO.jpg\" alt=\"\" class=\"wp-image-49829 lazyload\" data-srcset=\"https:\/\/eldiariodesanpedro.com.ar\/sitio\/wp-content\/uploads\/2019\/03\/REVISTA-CORSA-PATO.jpg 626w, https:\/\/eldiariodesanpedro.com.ar\/sitio\/wp-content\/uploads\/2019\/03\/REVISTA-CORSA-PATO-300x171.jpg 300w\" data-sizes=\"(max-width: 626px) 100vw, 626px\" src=\"data:image\/svg+xml;base64,PHN2ZyB3aWR0aD0iMSIgaGVpZ2h0PSIxIiB4bWxucz0iaHR0cDovL3d3dy53My5vcmcvMjAwMC9zdmciPjwvc3ZnPg==\" style=\"--smush-placeholder-width: 626px; --smush-placeholder-aspect-ratio: 626\/357;\" \/><\/figure>\n\n\n\n<blockquote class=\"wp-block-quote is-layout-flow wp-block-quote-is-layout-flow\"><p>Osvaldo fue un piloto\u00a0argentino de\u00a0automovilismo . Desarroll\u00f3 su carrera deportiva a nivel nacional compitiendo en categor\u00edas como\u00a0<a href=\"https:\/\/es.wikipedia.org\/wiki\/Turismo_Nacional\">Turismo Nacional<\/a>\u00a0y\u00a0<a href=\"https:\/\/es.wikipedia.org\/wiki\/Turismo_Carretera\">Turismo Carretera<\/a>.<\/p><p> Debut\u00f3 en la\u00a0<a href=\"https:\/\/es.wikipedia.org\/wiki\/Clase_2_del_Turismo_Nacional\">Clase 2 del Turismo Nacional<\/a>\u00a0en\u00a0<a href=\"https:\/\/es.wikipedia.org\/wiki\/1974\">1974<\/a>. Se consagr\u00f3 campe\u00f3n de esa divisi\u00f3n en\u00a0<a href=\"https:\/\/es.wikipedia.org\/wiki\/1978\">1978<\/a>\u00a0al comando de un\u00a0<a href=\"https:\/\/es.wikipedia.org\/wiki\/Fiat_128_IAVA\">Fiat 128 IAVA<\/a>.<\/p><p> Se inici\u00f3 en\u00a0<a href=\"https:\/\/es.wikipedia.org\/wiki\/Turismo_Carretera\">Turismo Carretera<\/a>\u00a0el\u00a0<a href=\"https:\/\/es.wikipedia.org\/wiki\/8_de_abril\">8 de abril<\/a>\u00a0de\u00a0<a href=\"https:\/\/es.wikipedia.org\/wiki\/1984\">1984<\/a>\u00a0en una competencia para debutantes no ganadores en el\u00a0<a href=\"https:\/\/es.wikipedia.org\/wiki\/Aut%C3%B3dromo_Oscar_y_Juan_G%C3%A1lvez\">Aut\u00f3dromo Oscar y Juan G\u00e1lvez<\/a>\u00a0de la\u00a0<a href=\"https:\/\/es.wikipedia.org\/wiki\/Ciudad_de_Buenos_Aires\">Ciudad de Buenos Aires<\/a>. <\/p><p>Subi\u00f3 ocho veces al escal\u00f3n m\u00e1s alto del podio de esa categor\u00eda; su primer triunfo fue el\u00a0<a href=\"https:\/\/es.wikipedia.org\/wiki\/4_de_mayo\">4 de mayo<\/a>\u00a0de\u00a0<a href=\"https:\/\/es.wikipedia.org\/wiki\/1986\">1986<\/a>\u00a0en el Circuito Semipermanente de Tandil. Esta victoria le coloc\u00f3 ganador n\u00famero 140 del\u00a0<a href=\"https:\/\/es.wikipedia.org\/wiki\/Anexo:Listado_de_pilotos_ganadores_de_Turismo_Carretera\">historial de pilotos ganadores del TC<\/a>. <\/p><p>A pesar de no haber obtenido un t\u00edtulo en esa categor\u00eda, su constante participaci\u00f3n como defensor de la marca\u00a0<a href=\"https:\/\/es.wikipedia.org\/wiki\/Chevrolet\">Chevrolet<\/a>\u00a0le hizo ganar un lugar entre sus \u00eddolos.<\/p><p><\/p><cite><br><\/cite><\/blockquote>\n\n\n\n<figure class=\"wp-block-image\"><img decoding=\"async\" width=\"802\" height=\"451\" data-attachment-id=\"49830\" data-permalink=\"https:\/\/eldiariodesanpedro.com.ar\/sitio\/este-domingo-rendiran-homenaje-a-osvaldo-pato-morresi\/5515563fec72c_802_451\/\" data-orig-file=\"https:\/\/eldiariodesanpedro.com.ar\/sitio\/wp-content\/uploads\/2019\/03\/5515563fec72c_802_451.jpg\" data-orig-size=\"802,451\" data-comments-opened=\"1\" data-image-meta=\"{&quot;aperture&quot;:&quot;0&quot;,&quot;credit&quot;:&quot;&quot;,&quot;camera&quot;:&quot;&quot;,&quot;caption&quot;:&quot;&quot;,&quot;created_timestamp&quot;:&quot;0&quot;,&quot;copyright&quot;:&quot;&quot;,&quot;focal_length&quot;:&quot;0&quot;,&quot;iso&quot;:&quot;0&quot;,&quot;shutter_speed&quot;:&quot;0&quot;,&quot;title&quot;:&quot;&quot;,&quot;orientation&quot;:&quot;0&quot;}\" data-image-title=\"5515563fec72c_802_451!\" data-image-description=\"\" data-image-caption=\"\" data-large-file=\"https:\/\/eldiariodesanpedro.com.ar\/sitio\/wp-content\/uploads\/2019\/03\/5515563fec72c_802_451.jpg\" data-src=\"https:\/\/eldiariodesanpedro.com.ar\/sitio\/wp-content\/uploads\/2019\/03\/5515563fec72c_802_451.jpg\" alt=\"\" class=\"wp-image-49830 lazyload\" data-srcset=\"https:\/\/eldiariodesanpedro.com.ar\/sitio\/wp-content\/uploads\/2019\/03\/5515563fec72c_802_451.jpg 802w, https:\/\/eldiariodesanpedro.com.ar\/sitio\/wp-content\/uploads\/2019\/03\/5515563fec72c_802_451-300x169.jpg 300w, https:\/\/eldiariodesanpedro.com.ar\/sitio\/wp-content\/uploads\/2019\/03\/5515563fec72c_802_451-768x432.jpg 768w\" data-sizes=\"(max-width: 802px) 100vw, 802px\" src=\"data:image\/svg+xml;base64,PHN2ZyB3aWR0aD0iMSIgaGVpZ2h0PSIxIiB4bWxucz0iaHR0cDovL3d3dy53My5vcmcvMjAwMC9zdmciPjwvc3ZnPg==\" style=\"--smush-placeholder-width: 802px; --smush-placeholder-aspect-ratio: 802\/451;\" \/><\/figure>\n\n\n\n<blockquote class=\"wp-block-quote is-layout-flow wp-block-quote-is-layout-flow\"><p>\u00abEl Pato\u00bb Morresi falleci\u00f3 el\u00a0<a href=\"https:\/\/es.wikipedia.org\/wiki\/27_de_marzo\">27 de marzo<\/a>\u00a0de\u00a0<a href=\"https:\/\/es.wikipedia.org\/wiki\/1994\">1994<\/a>\u00a0luego de un accidente sufrido mientras disputaba el \u00abGran Premio de\u00a0<a href=\"https:\/\/es.wikipedia.org\/wiki\/La_Plata\">La Plata<\/a>\u00bb del Turismo Carretera en el circuito semipermanente de esa localidad por haber pisado un charco de aceite que hizo que su coche salga de la pista y se estrelle contra un talud. Su muerte fue el detonante por el que la\u00a0<a href=\"https:\/\/es.wikipedia.org\/wiki\/ACTC\">ACTC<\/a>\u00a0resolvi\u00f3 suspender de manera definitiva las competencias en rutas nacionales, aunque esa medida reci\u00e9n se implement\u00f3 en\u00a0<a href=\"https:\/\/es.wikipedia.org\/wiki\/1997\">1997<\/a>, luego de que se dispute la carrera de Santa Teresita.<sup><a href=\"https:\/\/es.wikipedia.org\/wiki\/Osvaldo_Morresi#cite_note-historiatc_1-1\">1<\/a><\/sup><\/p><\/blockquote>\n\n\n\n<blockquote class=\"wp-block-quote is-layout-flow wp-block-quote-is-layout-flow\"><p>En su memoria se levant\u00f3 un museo aleg\u00f3rico en la localidad de San Pedro, inaugurado el\u00a0<a href=\"https:\/\/es.wikipedia.org\/wiki\/16_de_octubre\">16 de octubre<\/a>\u00a0de\u00a0<a href=\"https:\/\/es.wikipedia.org\/wiki\/1999\">1999<\/a>. All\u00ed se exhiben objetos usados durante su carrera deportiva, como sus trofeos y el \u00faltimo\u00a0<a href=\"https:\/\/es.wikipedia.org\/wiki\/Autom%C3%B3vil\">auto<\/a>\u00a0que us\u00f3, restaurado por amigos y seguidores.<\/p><\/blockquote>\n\n\n\n<figure class=\"wp-block-image\"><img decoding=\"async\" width=\"750\" height=\"400\" data-attachment-id=\"49831\" data-permalink=\"https:\/\/eldiariodesanpedro.com.ar\/sitio\/este-domingo-rendiran-homenaje-a-osvaldo-pato-morresi\/auto_pato_0\/\" data-orig-file=\"https:\/\/eldiariodesanpedro.com.ar\/sitio\/wp-content\/uploads\/2019\/03\/auto_pato_0.jpg\" data-orig-size=\"750,400\" data-comments-opened=\"1\" data-image-meta=\"{&quot;aperture&quot;:&quot;0&quot;,&quot;credit&quot;:&quot;&quot;,&quot;camera&quot;:&quot;&quot;,&quot;caption&quot;:&quot;&quot;,&quot;created_timestamp&quot;:&quot;0&quot;,&quot;copyright&quot;:&quot;&quot;,&quot;focal_length&quot;:&quot;0&quot;,&quot;iso&quot;:&quot;0&quot;,&quot;shutter_speed&quot;:&quot;0&quot;,&quot;title&quot;:&quot;&quot;,&quot;orientation&quot;:&quot;0&quot;}\" data-image-title=\"auto_pato_0\" data-image-description=\"\" data-image-caption=\"\" data-large-file=\"https:\/\/eldiariodesanpedro.com.ar\/sitio\/wp-content\/uploads\/2019\/03\/auto_pato_0.jpg\" data-src=\"https:\/\/eldiariodesanpedro.com.ar\/sitio\/wp-content\/uploads\/2019\/03\/auto_pato_0.jpg\" alt=\"\" class=\"wp-image-49831 lazyload\" data-srcset=\"https:\/\/eldiariodesanpedro.com.ar\/sitio\/wp-content\/uploads\/2019\/03\/auto_pato_0.jpg 750w, https:\/\/eldiariodesanpedro.com.ar\/sitio\/wp-content\/uploads\/2019\/03\/auto_pato_0-300x160.jpg 300w\" data-sizes=\"(max-width: 750px) 100vw, 750px\" src=\"data:image\/svg+xml;base64,PHN2ZyB3aWR0aD0iMSIgaGVpZ2h0PSIxIiB4bWxucz0iaHR0cDovL3d3dy53My5vcmcvMjAwMC9zdmciPjwvc3ZnPg==\" style=\"--smush-placeholder-width: 750px; --smush-placeholder-aspect-ratio: 750\/400;\" \/><\/figure>\n","protected":false},"excerpt":{"rendered":"<p>La Municipalidad de San Pedro rendir\u00e1 homenaje \u00e9ste domingo 31 a uno de los deportistas m\u00e1s destacados de su historia, Osvaldo Morresi. A partir de las 15 hs, en la Plazoleta Fray Cayetano Rodr\u00edguez, se realizar\u00e1 un acto en conmemoraci\u00f3n del duod\u00e9cimo quinto aniversario del fallecimiento del piloto de carreras. Amigos, vecinos, sampedrinos y turistas [&hellip;]<\/p>\n","protected":false},"author":4,"featured_media":49832,"comment_status":"open","ping_status":"closed","sticky":false,"template":"","format":"standard","meta":{"om_disable_all_campaigns":false,"_jetpack_memberships_contains_paid_content":false,"footnotes":""},"categories":[50,101,2],"tags":[],"class_list":["post-49828","post","type-post","status-publish","format-standard","has-post-thumbnail","hentry","category-destacadas","category-interes-general-locales","category-locales"],"aioseo_notices":[],"gutentor_comment":0,"jetpack_featured_media_url":"https:\/\/eldiariodesanpedro.com.ar\/sitio\/wp-content\/uploads\/2019\/03\/13055_encabezado.jpg","jetpack_shortlink":"https:\/\/wp.me\/p6RhLt-cXG","jetpack_sharing_enabled":true,"_links":{"self":[{"href":"https:\/\/eldiariodesanpedro.com.ar\/sitio\/wp-json\/wp\/v2\/posts\/49828","targetHints":{"allow":["GET"]}}],"collection":[{"href":"https:\/\/eldiariodesanpedro.com.ar\/sitio\/wp-json\/wp\/v2\/posts"}],"about":[{"href":"https:\/\/eldiariodesanpedro.com.ar\/sitio\/wp-json\/wp\/v2\/types\/post"}],"author":[{"embeddable":true,"href":"https:\/\/eldiariodesanpedro.com.ar\/sitio\/wp-json\/wp\/v2\/users\/4"}],"replies":[{"embeddable":true,"href":"https:\/\/eldiariodesanpedro.com.ar\/sitio\/wp-json\/wp\/v2\/comments?post=49828"}],"version-history":[{"count":1,"href":"https:\/\/eldiariodesanpedro.com.ar\/sitio\/wp-json\/wp\/v2\/posts\/49828\/revisions"}],"predecessor-version":[{"id":49833,"href":"https:\/\/eldiariodesanpedro.com.ar\/sitio\/wp-json\/wp\/v2\/posts\/49828\/revisions\/49833"}],"wp:featuredmedia":[{"embeddable":true,"href":"https:\/\/eldiariodesanpedro.com.ar\/sitio\/wp-json\/wp\/v2\/media\/49832"}],"wp:attachment":[{"href":"https:\/\/eldiariodesanpedro.com.ar\/sitio\/wp-json\/wp\/v2\/media?parent=49828"}],"wp:term":[{"taxonomy":"category","embeddable":true,"href":"https:\/\/eldiariodesanpedro.com.ar\/sitio\/wp-json\/wp\/v2\/categories?post=49828"},{"taxonomy":"post_tag","embeddable":true,"href":"https:\/\/eldiariodesanpedro.com.ar\/sitio\/wp-json\/wp\/v2\/tags?post=49828"}],"curies":[{"name":"wp","href":"https:\/\/api.w.org\/{rel}","templated":true}]}}