{"id":49815,"date":"2019-03-30T08:33:41","date_gmt":"2019-03-30T11:33:41","guid":{"rendered":"https:\/\/eldiariodesanpedro.com.ar\/sitio\/?p=49815"},"modified":"2019-03-30T08:33:53","modified_gmt":"2019-03-30T11:33:53","slug":"baradero-siamo-fuori-el-gobierno-local-desvinculo-a-julio-avila-como-director-de-cultura","status":"publish","type":"post","link":"https:\/\/eldiariodesanpedro.com.ar\/sitio\/baradero-siamo-fuori-el-gobierno-local-desvinculo-a-julio-avila-como-director-de-cultura\/","title":{"rendered":"BARADERO: \u201cSiamo Fuori\u201d: El Gobierno local desvincul\u00f3 a Julio \u00c1vila como Director de Cultura"},"content":{"rendered":"<!-- VideographyWP Plugin Message: Automatic video embedding prevented by plugin options. -->\n\n<p>Despu\u00e9s de algunas idas y vueltas que hubo durante toda la semana, reuniones hasta altas horas, con pedidos, an\u00e1lisis y debate, el Ejecutivo Municipal decidi\u00f3 dejar afuera a Julio \u00c1vila como director de Cultura de la Municipalidad de Baradero.<\/p>\n\n\n\n<p>El principal motivo que se esgrime desde el Palacio Municipal sobre el desplazamiento de \u00c1vila del cargo es:<\/p>\n\n\n\n<blockquote class=\"wp-block-quote is-layout-flow wp-block-quote-is-layout-flow\"><p>&gt;&gt; \u201cNo demostr\u00f3 resultados positivos ni un funcionamiento favorable al frente del \u00e1rea\u201d.<\/p><\/blockquote>\n\n\n\n<p>Lo que se conoce hasta el momento&nbsp; desde el interior de las autoridades municipales es la disconformidad con la tarea realizada por parte de \u00c1vila en los tres a\u00f1os de gesti\u00f3n en Cultura.<\/p>\n\n\n\n<p>Marcos Barlatay, actual secretario de Cultura, Turismo, Educaci\u00f3n y Deportes, ten\u00eda un panorama muy solitario desde su lugar sin el acompa\u00f1amiento necesario para ejecutar medidas que favorezcan el buen desempe\u00f1o del sector.<\/p>\n\n\n\n<p>Por lo pronto, la direcci\u00f3n de Cultura, ser\u00e1 absorbida de manera directa por Barlatay hasta tanto encuentren una persona id\u00f3nea para llevar adelante el \u00e1rea.<\/p>\n\n\n\n<p>Algunas versiones aseguran que de manera provisoria, quedar\u00eda como una especie de encargada del sector, Marcela Pe\u00f1alva, mujer que conoce como pocas el manejo de dicho lugar.<\/p>\n\n\n\n<figure class=\"wp-block-embed-wordpress wp-block-embed is-type-wp-embed is-provider-baradero-hoy\"><div class=\"wp-block-embed__wrapper\">\nhttp:\/\/www.baraderohoy.com\/2019\/03\/29\/siamo-fuori-el-gobierno-local-desvinculo-a-julio-avila-como-director-de-cultura\/\n<\/div><\/figure>\n\n\n\n<p><br><\/p>\n","protected":false},"excerpt":{"rendered":"<p>Despu\u00e9s de algunas idas y vueltas que hubo durante toda la semana, reuniones hasta altas horas, con pedidos, an\u00e1lisis y debate, el Ejecutivo Municipal decidi\u00f3 dejar afuera a Julio \u00c1vila como director de Cultura de la Municipalidad de Baradero. El principal motivo que se esgrime desde el Palacio Municipal sobre el desplazamiento de \u00c1vila del [&hellip;]<\/p>\n","protected":false},"author":4,"featured_media":49816,"comment_status":"open","ping_status":"closed","sticky":false,"template":"","format":"standard","meta":{"om_disable_all_campaigns":false,"_jetpack_memberships_contains_paid_content":false,"footnotes":""},"categories":[621],"tags":[],"class_list":["post-49815","post","type-post","status-publish","format-standard","has-post-thumbnail","hentry","category-regionales"],"aioseo_notices":[],"gutentor_comment":0,"jetpack_featured_media_url":"https:\/\/eldiariodesanpedro.com.ar\/sitio\/wp-content\/uploads\/2019\/03\/55730972_1263983697103652_7152848662291283968_n.jpg","jetpack_shortlink":"https:\/\/wp.me\/p6RhLt-cXt","jetpack_sharing_enabled":true,"_links":{"self":[{"href":"https:\/\/eldiariodesanpedro.com.ar\/sitio\/wp-json\/wp\/v2\/posts\/49815","targetHints":{"allow":["GET"]}}],"collection":[{"href":"https:\/\/eldiariodesanpedro.com.ar\/sitio\/wp-json\/wp\/v2\/posts"}],"about":[{"href":"https:\/\/eldiariodesanpedro.com.ar\/sitio\/wp-json\/wp\/v2\/types\/post"}],"author":[{"embeddable":true,"href":"https:\/\/eldiariodesanpedro.com.ar\/sitio\/wp-json\/wp\/v2\/users\/4"}],"replies":[{"embeddable":true,"href":"https:\/\/eldiariodesanpedro.com.ar\/sitio\/wp-json\/wp\/v2\/comments?post=49815"}],"version-history":[{"count":1,"href":"https:\/\/eldiariodesanpedro.com.ar\/sitio\/wp-json\/wp\/v2\/posts\/49815\/revisions"}],"predecessor-version":[{"id":49818,"href":"https:\/\/eldiariodesanpedro.com.ar\/sitio\/wp-json\/wp\/v2\/posts\/49815\/revisions\/49818"}],"wp:featuredmedia":[{"embeddable":true,"href":"https:\/\/eldiariodesanpedro.com.ar\/sitio\/wp-json\/wp\/v2\/media\/49816"}],"wp:attachment":[{"href":"https:\/\/eldiariodesanpedro.com.ar\/sitio\/wp-json\/wp\/v2\/media?parent=49815"}],"wp:term":[{"taxonomy":"category","embeddable":true,"href":"https:\/\/eldiariodesanpedro.com.ar\/sitio\/wp-json\/wp\/v2\/categories?post=49815"},{"taxonomy":"post_tag","embeddable":true,"href":"https:\/\/eldiariodesanpedro.com.ar\/sitio\/wp-json\/wp\/v2\/tags?post=49815"}],"curies":[{"name":"wp","href":"https:\/\/api.w.org\/{rel}","templated":true}]}}