{"id":49805,"date":"2019-03-29T12:18:30","date_gmt":"2019-03-29T15:18:30","guid":{"rendered":"https:\/\/eldiariodesanpedro.com.ar\/sitio\/?p=49805"},"modified":"2019-03-29T12:18:41","modified_gmt":"2019-03-29T15:18:41","slug":"baradero-una-mujer-sufrio-fracturas-de-sus-costillas-tras-ser-embestida-por-un-auto","status":"publish","type":"post","link":"https:\/\/eldiariodesanpedro.com.ar\/sitio\/baradero-una-mujer-sufrio-fracturas-de-sus-costillas-tras-ser-embestida-por-un-auto\/","title":{"rendered":"BARADERO: Una mujer sufri\u00f3 fracturas de sus costillas tras ser embestida por un auto"},"content":{"rendered":"<!-- VideographyWP Plugin Message: Automatic video embedding prevented by plugin options. -->\n\n<p>\n\nEl accidente ocurri\u00f3 en la ma\u00f1ana del mi\u00e9rcoles en la intersecci\u00f3n de Del Corro y Lavalle. Una mujer, que circulaba en bicicleta, fue embestida por un autom\u00f3vil. Fue derivada por el SAME<\/p>\n\n\n\n<p>Producto de la colisi\u00f3n, la mujer cay\u00f3 y sufri\u00f3 fracturas. El SAME trabajo en el lugar y deriv\u00f3 a la chica al hospital. \u201cHoras m\u00e1s tarde se conrm\u00f3 que hab\u00eda sufrido la fractura de sus costillas\u201d, dijo el subcomisario Facundo Fiorabanti.<\/p>\n\n\n\n<p>Fuente: Tu Linea Directa<\/p>\n","protected":false},"excerpt":{"rendered":"<p>El accidente ocurri\u00f3 en la ma\u00f1ana del mi\u00e9rcoles en la intersecci\u00f3n de Del Corro y Lavalle. Una mujer, que circulaba en bicicleta, fue embestida por un autom\u00f3vil. Fue derivada por el SAME Producto de la colisi\u00f3n, la mujer cay\u00f3 y sufri\u00f3 fracturas. El SAME trabajo en el lugar y deriv\u00f3 a la chica al hospital. [&hellip;]<\/p>\n","protected":false},"author":4,"featured_media":49806,"comment_status":"open","ping_status":"closed","sticky":false,"template":"","format":"standard","meta":{"om_disable_all_campaigns":false,"_jetpack_memberships_contains_paid_content":false,"footnotes":""},"categories":[621],"tags":[],"class_list":["post-49805","post","type-post","status-publish","format-standard","has-post-thumbnail","hentry","category-regionales"],"aioseo_notices":[],"gutentor_comment":0,"jetpack_featured_media_url":"https:\/\/eldiariodesanpedro.com.ar\/sitio\/wp-content\/uploads\/2019\/03\/sin_titulo_180.jpg","jetpack_shortlink":"https:\/\/wp.me\/p6RhLt-cXj","jetpack_sharing_enabled":true,"_links":{"self":[{"href":"https:\/\/eldiariodesanpedro.com.ar\/sitio\/wp-json\/wp\/v2\/posts\/49805","targetHints":{"allow":["GET"]}}],"collection":[{"href":"https:\/\/eldiariodesanpedro.com.ar\/sitio\/wp-json\/wp\/v2\/posts"}],"about":[{"href":"https:\/\/eldiariodesanpedro.com.ar\/sitio\/wp-json\/wp\/v2\/types\/post"}],"author":[{"embeddable":true,"href":"https:\/\/eldiariodesanpedro.com.ar\/sitio\/wp-json\/wp\/v2\/users\/4"}],"replies":[{"embeddable":true,"href":"https:\/\/eldiariodesanpedro.com.ar\/sitio\/wp-json\/wp\/v2\/comments?post=49805"}],"version-history":[{"count":1,"href":"https:\/\/eldiariodesanpedro.com.ar\/sitio\/wp-json\/wp\/v2\/posts\/49805\/revisions"}],"predecessor-version":[{"id":49807,"href":"https:\/\/eldiariodesanpedro.com.ar\/sitio\/wp-json\/wp\/v2\/posts\/49805\/revisions\/49807"}],"wp:featuredmedia":[{"embeddable":true,"href":"https:\/\/eldiariodesanpedro.com.ar\/sitio\/wp-json\/wp\/v2\/media\/49806"}],"wp:attachment":[{"href":"https:\/\/eldiariodesanpedro.com.ar\/sitio\/wp-json\/wp\/v2\/media?parent=49805"}],"wp:term":[{"taxonomy":"category","embeddable":true,"href":"https:\/\/eldiariodesanpedro.com.ar\/sitio\/wp-json\/wp\/v2\/categories?post=49805"},{"taxonomy":"post_tag","embeddable":true,"href":"https:\/\/eldiariodesanpedro.com.ar\/sitio\/wp-json\/wp\/v2\/tags?post=49805"}],"curies":[{"name":"wp","href":"https:\/\/api.w.org\/{rel}","templated":true}]}}