{"id":49793,"date":"2019-03-29T10:42:11","date_gmt":"2019-03-29T13:42:11","guid":{"rendered":"https:\/\/eldiariodesanpedro.com.ar\/sitio\/?p=49793"},"modified":"2019-03-29T10:42:17","modified_gmt":"2019-03-29T13:42:17","slug":"repudio-del-ccit-por-el-escrache-realizado-por-los-portuarios","status":"publish","type":"post","link":"https:\/\/eldiariodesanpedro.com.ar\/sitio\/repudio-del-ccit-por-el-escrache-realizado-por-los-portuarios\/","title":{"rendered":"Repudio del CCIT por el escrache realizado por los portuarios"},"content":{"rendered":"<!-- VideographyWP Plugin Message: Automatic video embedding prevented by plugin options. -->\n\n<p> La C\u00e1mara de Comercio Exterior del Centro de Comercio,\u00a0 Industria y Turismo de San Pedro en un comunicado, manifiesta su preocupaci\u00f3n ante los hechos ocurridos el d\u00eda jueves 28 del corriente, como consecuencia de las decisiones tomadas por la empresa \u00abBaltic Shipping\u00bb, que afectan a toda la comunidad portuaria y al desarrollo de diferentes sectores de nuestra ciudad.\u00a0<\/p>\n\n\n\n<p>Consideramos que la forma elegida no fue la adecuada, sin embargo, respaldamos absolutamente el derecho a ejercer la libertad de expresi\u00f3n y manifestaci\u00f3n de quienes sufren las consecuencias ante las actuales circunstancias.<\/p>\n\n\n\n<p>Apelamos a que los organismos competentes en este conflicto,\u00a0 act\u00faen en consecuencia de manera urgente para que la b\u00fasqueda de soluci\u00f3n se genere en un marco que garantice la convivencia social. <\/p>\n","protected":false},"excerpt":{"rendered":"<p>La C\u00e1mara de Comercio Exterior del Centro de Comercio,\u00a0 Industria y Turismo de San Pedro en un comunicado, manifiesta su preocupaci\u00f3n ante los hechos ocurridos el d\u00eda jueves 28 del corriente, como consecuencia de las decisiones tomadas por la empresa \u00abBaltic Shipping\u00bb, que afectan a toda la comunidad portuaria y al desarrollo de diferentes sectores [&hellip;]<\/p>\n","protected":false},"author":4,"featured_media":49705,"comment_status":"open","ping_status":"closed","sticky":false,"template":"","format":"standard","meta":{"om_disable_all_campaigns":false,"_jetpack_memberships_contains_paid_content":false,"footnotes":""},"categories":[101,2],"tags":[],"class_list":["post-49793","post","type-post","status-publish","format-standard","has-post-thumbnail","hentry","category-interes-general-locales","category-locales"],"aioseo_notices":[],"gutentor_comment":0,"jetpack_featured_media_url":"https:\/\/eldiariodesanpedro.com.ar\/sitio\/wp-content\/uploads\/2019\/03\/20190328_101119.jpg","jetpack_shortlink":"https:\/\/wp.me\/p6RhLt-cX7","jetpack_sharing_enabled":true,"_links":{"self":[{"href":"https:\/\/eldiariodesanpedro.com.ar\/sitio\/wp-json\/wp\/v2\/posts\/49793","targetHints":{"allow":["GET"]}}],"collection":[{"href":"https:\/\/eldiariodesanpedro.com.ar\/sitio\/wp-json\/wp\/v2\/posts"}],"about":[{"href":"https:\/\/eldiariodesanpedro.com.ar\/sitio\/wp-json\/wp\/v2\/types\/post"}],"author":[{"embeddable":true,"href":"https:\/\/eldiariodesanpedro.com.ar\/sitio\/wp-json\/wp\/v2\/users\/4"}],"replies":[{"embeddable":true,"href":"https:\/\/eldiariodesanpedro.com.ar\/sitio\/wp-json\/wp\/v2\/comments?post=49793"}],"version-history":[{"count":1,"href":"https:\/\/eldiariodesanpedro.com.ar\/sitio\/wp-json\/wp\/v2\/posts\/49793\/revisions"}],"predecessor-version":[{"id":49795,"href":"https:\/\/eldiariodesanpedro.com.ar\/sitio\/wp-json\/wp\/v2\/posts\/49793\/revisions\/49795"}],"wp:featuredmedia":[{"embeddable":true,"href":"https:\/\/eldiariodesanpedro.com.ar\/sitio\/wp-json\/wp\/v2\/media\/49705"}],"wp:attachment":[{"href":"https:\/\/eldiariodesanpedro.com.ar\/sitio\/wp-json\/wp\/v2\/media?parent=49793"}],"wp:term":[{"taxonomy":"category","embeddable":true,"href":"https:\/\/eldiariodesanpedro.com.ar\/sitio\/wp-json\/wp\/v2\/categories?post=49793"},{"taxonomy":"post_tag","embeddable":true,"href":"https:\/\/eldiariodesanpedro.com.ar\/sitio\/wp-json\/wp\/v2\/tags?post=49793"}],"curies":[{"name":"wp","href":"https:\/\/api.w.org\/{rel}","templated":true}]}}