{"id":49790,"date":"2019-03-29T10:33:07","date_gmt":"2019-03-29T13:33:07","guid":{"rendered":"https:\/\/eldiariodesanpedro.com.ar\/sitio\/?p=49790"},"modified":"2019-03-29T10:33:19","modified_gmt":"2019-03-29T13:33:19","slug":"dictaron-el-procesamiento-de-joven-acusado-de-abusar-de-una-mujer","status":"publish","type":"post","link":"https:\/\/eldiariodesanpedro.com.ar\/sitio\/dictaron-el-procesamiento-de-joven-acusado-de-abusar-de-una-mujer\/","title":{"rendered":"Dictaron el procesamiento de joven acusado de abusar de una mujer"},"content":{"rendered":"<!-- VideographyWP Plugin Message: Automatic video embedding prevented by plugin options. -->\n\n<p>Se trata de Federico Mart\u00ednez, quien est\u00e1 sospechado de someter a una joven mujer cuando dorm\u00eda en su casa.\u00a0Dictaron el procesamiento de joven acusado de abusar de una mujer<ins><br><\/ins><\/p>\n\n\n\n<p>Sobre la tarde del jueves fue trasladado a la Unidad Penal N\u00b0 3 de San Nicol\u00e1s, el joven Federico Mart\u00ednez, de 19 a\u00f1os, quien est\u00e1 acusado de abusar sexualmente de una mujer de 18 a\u00f1os cuando esta se encontraba durmiendo sola en su casa de la calle Manuel Iglesias al 900.<\/p>\n\n\n\n<p>Una vez cumplimentados todos los pasos protocolares la fiscal Viviana&nbsp;Ramos solicit\u00f3 la detenci\u00f3n del acusado, medida que aval\u00f3 el Juzgado de Garant\u00edas y qued\u00f3 procesado. De inmediato se orden\u00f3 su alojamiento en una c\u00e1rcel perteneciente al Servicio Penitenciario bonaerense.&nbsp;&nbsp;<\/p>\n\n\n\n<p>El hecho aconteci\u00f3 el pasado 16 de marzo en horas de la ma\u00f1ana.&nbsp;El joven es el \u00fanico imputado en el hecho luego de que sea retenido por la propia v\u00edctima y algunos vecinos que se acercaron a solidarizarse cuando la v\u00edctima sali\u00f3 a pedir ayuda. Todo se desarroll\u00f3 cuando la mujer estaba durmiendo sola en su casa y fue sorprendida por Mart\u00ednez.<\/p>\n\n\n\n<p>All\u00ed el hombre aprovech\u00f3 la situaci\u00f3n y adem\u00e1s de abusar sexualmente de la joven, le rob\u00f3 algunas pertenencias, pero la v\u00edctima logr\u00f3 reaccionar, pudo defenderse y retener al delincuente en el interior de la casa mientras a los gritos ped\u00eda auxilio. Fue as\u00ed como pudieron retenerlo hasta la llegada de una patrulla policial que lo aprehendi\u00f3 y traslad\u00f3 hasta la Comisar\u00eda.<\/p>\n\n\n\n<p>Fuente: <a href=\"https:\/\/www.sanpedroinforma.com.ar\/portada.html\">San Pedro Informa<\/a><\/p>\n","protected":false},"excerpt":{"rendered":"<p>Se trata de Federico Mart\u00ednez, quien est\u00e1 sospechado de someter a una joven mujer cuando dorm\u00eda en su casa.\u00a0Dictaron el procesamiento de joven acusado de abusar de una mujer Sobre la tarde del jueves fue trasladado a la Unidad Penal N\u00b0 3 de San Nicol\u00e1s, el joven Federico Mart\u00ednez, de 19 a\u00f1os, quien est\u00e1 acusado [&hellip;]<\/p>\n","protected":false},"author":4,"featured_media":49791,"comment_status":"open","ping_status":"closed","sticky":false,"template":"","format":"standard","meta":{"om_disable_all_campaigns":false,"_jetpack_memberships_contains_paid_content":false,"footnotes":""},"categories":[621],"tags":[],"class_list":["post-49790","post","type-post","status-publish","format-standard","has-post-thumbnail","hentry","category-regionales"],"aioseo_notices":[],"gutentor_comment":0,"jetpack_featured_media_url":"https:\/\/eldiariodesanpedro.com.ar\/sitio\/wp-content\/uploads\/2019\/03\/000076352.jpg","jetpack_shortlink":"https:\/\/wp.me\/p6RhLt-cX4","jetpack_sharing_enabled":true,"_links":{"self":[{"href":"https:\/\/eldiariodesanpedro.com.ar\/sitio\/wp-json\/wp\/v2\/posts\/49790","targetHints":{"allow":["GET"]}}],"collection":[{"href":"https:\/\/eldiariodesanpedro.com.ar\/sitio\/wp-json\/wp\/v2\/posts"}],"about":[{"href":"https:\/\/eldiariodesanpedro.com.ar\/sitio\/wp-json\/wp\/v2\/types\/post"}],"author":[{"embeddable":true,"href":"https:\/\/eldiariodesanpedro.com.ar\/sitio\/wp-json\/wp\/v2\/users\/4"}],"replies":[{"embeddable":true,"href":"https:\/\/eldiariodesanpedro.com.ar\/sitio\/wp-json\/wp\/v2\/comments?post=49790"}],"version-history":[{"count":1,"href":"https:\/\/eldiariodesanpedro.com.ar\/sitio\/wp-json\/wp\/v2\/posts\/49790\/revisions"}],"predecessor-version":[{"id":49792,"href":"https:\/\/eldiariodesanpedro.com.ar\/sitio\/wp-json\/wp\/v2\/posts\/49790\/revisions\/49792"}],"wp:featuredmedia":[{"embeddable":true,"href":"https:\/\/eldiariodesanpedro.com.ar\/sitio\/wp-json\/wp\/v2\/media\/49791"}],"wp:attachment":[{"href":"https:\/\/eldiariodesanpedro.com.ar\/sitio\/wp-json\/wp\/v2\/media?parent=49790"}],"wp:term":[{"taxonomy":"category","embeddable":true,"href":"https:\/\/eldiariodesanpedro.com.ar\/sitio\/wp-json\/wp\/v2\/categories?post=49790"},{"taxonomy":"post_tag","embeddable":true,"href":"https:\/\/eldiariodesanpedro.com.ar\/sitio\/wp-json\/wp\/v2\/tags?post=49790"}],"curies":[{"name":"wp","href":"https:\/\/api.w.org\/{rel}","templated":true}]}}