{"id":49786,"date":"2019-03-29T10:29:11","date_gmt":"2019-03-29T13:29:11","guid":{"rendered":"https:\/\/eldiariodesanpedro.com.ar\/sitio\/?p=49786"},"modified":"2019-03-29T10:29:25","modified_gmt":"2019-03-29T13:29:25","slug":"arrecifes-el-municipio-puso-a-funcionar-una-hormigonera-en-el-parque-industrial","status":"publish","type":"post","link":"https:\/\/eldiariodesanpedro.com.ar\/sitio\/arrecifes-el-municipio-puso-a-funcionar-una-hormigonera-en-el-parque-industrial\/","title":{"rendered":"ARRECIFES: El Municipio  puso a funcionar una hormigonera en el Parque Industrial"},"content":{"rendered":"<!-- VideographyWP Plugin Message: Automatic video embedding prevented by plugin options. -->\n\n<p>\n\nEl Parque Industrial sigue creciendo, ya hace unos d\u00edas comenz\u00f3 a funcionar la nueva f\u00e1brica hormigonera instalada en el Sector Industrial Planificado de Arrecifes.<\/p>\n\n\n\n<p>La Municipalidad de Arrecifes, a trav\u00e9s de la direcci\u00f3n de Producci\u00f3n y Empleo a cargo del ingeniero Jorge Filighera, llev\u00f3 adelante la instalaci\u00f3n de la hormigonera con el apoyo del Ministerio del Interior a trav\u00e9s de la subsecretar\u00eda de Relaciones Municipales.<\/p>\n\n\n\n<p>Con 10 operarios entre empleados municipales y cooperativistas, parte de la materia prima que se utiliza es el pl\u00e1stico de las botellas que los vecinos depositan en los bolsones distribuidos en distintos barrios de la ciudad, que luego de ser molido se mezcla para la preparaci\u00f3n del material utilizado en la construcci\u00f3n de pisos y contrapisos.<\/p>\n\n\n\n<p>En el nuevo espacio del SIPA se elaboran distintos elementos, se construyen losetas, palos de alambrado ol\u00edmpico, bancos para plaza y mesas.&nbsp;&nbsp;&nbsp;&nbsp;&nbsp;&nbsp;&nbsp;&nbsp;&nbsp;&nbsp;&nbsp;&nbsp;&nbsp;&nbsp;&nbsp;&nbsp;&nbsp;&nbsp;&nbsp;&nbsp;&nbsp;&nbsp;&nbsp;&nbsp;&nbsp;&nbsp;&nbsp;&nbsp;&nbsp;&nbsp;&nbsp;&nbsp;&nbsp;&nbsp;&nbsp;&nbsp;&nbsp;&nbsp;&nbsp;&nbsp;&nbsp;&nbsp;&nbsp;&nbsp;&nbsp;&nbsp;&nbsp;&nbsp;&nbsp;&nbsp;&nbsp;&nbsp;&nbsp;<\/p>\n\n\n\n<p>En breve comenzar\u00e1n a fabricar separadores de tr\u00e1nsito y pr\u00f3ximamente tubos de alcantarillas.<\/p>\n\n\n\n<p>Fuente: Arrecifes Noticias<\/p>\n","protected":false},"excerpt":{"rendered":"<p>El Parque Industrial sigue creciendo, ya hace unos d\u00edas comenz\u00f3 a funcionar la nueva f\u00e1brica hormigonera instalada en el Sector Industrial Planificado de Arrecifes. La Municipalidad de Arrecifes, a trav\u00e9s de la direcci\u00f3n de Producci\u00f3n y Empleo a cargo del ingeniero Jorge Filighera, llev\u00f3 adelante la instalaci\u00f3n de la hormigonera con el apoyo del Ministerio [&hellip;]<\/p>\n","protected":false},"author":4,"featured_media":49787,"comment_status":"open","ping_status":"closed","sticky":false,"template":"","format":"standard","meta":{"om_disable_all_campaigns":false,"_jetpack_memberships_contains_paid_content":false,"footnotes":""},"categories":[621],"tags":[],"class_list":["post-49786","post","type-post","status-publish","format-standard","has-post-thumbnail","hentry","category-regionales"],"aioseo_notices":[],"gutentor_comment":0,"jetpack_featured_media_url":"https:\/\/eldiariodesanpedro.com.ar\/sitio\/wp-content\/uploads\/2019\/03\/hormigonera-2.png","jetpack_shortlink":"https:\/\/wp.me\/p6RhLt-cX0","jetpack_sharing_enabled":true,"_links":{"self":[{"href":"https:\/\/eldiariodesanpedro.com.ar\/sitio\/wp-json\/wp\/v2\/posts\/49786","targetHints":{"allow":["GET"]}}],"collection":[{"href":"https:\/\/eldiariodesanpedro.com.ar\/sitio\/wp-json\/wp\/v2\/posts"}],"about":[{"href":"https:\/\/eldiariodesanpedro.com.ar\/sitio\/wp-json\/wp\/v2\/types\/post"}],"author":[{"embeddable":true,"href":"https:\/\/eldiariodesanpedro.com.ar\/sitio\/wp-json\/wp\/v2\/users\/4"}],"replies":[{"embeddable":true,"href":"https:\/\/eldiariodesanpedro.com.ar\/sitio\/wp-json\/wp\/v2\/comments?post=49786"}],"version-history":[{"count":1,"href":"https:\/\/eldiariodesanpedro.com.ar\/sitio\/wp-json\/wp\/v2\/posts\/49786\/revisions"}],"predecessor-version":[{"id":49788,"href":"https:\/\/eldiariodesanpedro.com.ar\/sitio\/wp-json\/wp\/v2\/posts\/49786\/revisions\/49788"}],"wp:featuredmedia":[{"embeddable":true,"href":"https:\/\/eldiariodesanpedro.com.ar\/sitio\/wp-json\/wp\/v2\/media\/49787"}],"wp:attachment":[{"href":"https:\/\/eldiariodesanpedro.com.ar\/sitio\/wp-json\/wp\/v2\/media?parent=49786"}],"wp:term":[{"taxonomy":"category","embeddable":true,"href":"https:\/\/eldiariodesanpedro.com.ar\/sitio\/wp-json\/wp\/v2\/categories?post=49786"},{"taxonomy":"post_tag","embeddable":true,"href":"https:\/\/eldiariodesanpedro.com.ar\/sitio\/wp-json\/wp\/v2\/tags?post=49786"}],"curies":[{"name":"wp","href":"https:\/\/api.w.org\/{rel}","templated":true}]}}