{"id":49782,"date":"2019-03-29T10:26:57","date_gmt":"2019-03-29T13:26:57","guid":{"rendered":"https:\/\/eldiariodesanpedro.com.ar\/sitio\/?p=49782"},"modified":"2019-03-29T10:27:08","modified_gmt":"2019-03-29T13:27:08","slug":"ramallo-26-en-dos-cuotas-el-ejecutivo-hizo-una-nueva-oferta-de-aumento-salarial","status":"publish","type":"post","link":"https:\/\/eldiariodesanpedro.com.ar\/sitio\/ramallo-26-en-dos-cuotas-el-ejecutivo-hizo-una-nueva-oferta-de-aumento-salarial\/","title":{"rendered":"RAMALLO: 26 % en dos cuotas, el ejecutivo hizo una nueva oferta de aumento salarial"},"content":{"rendered":"<!-- VideographyWP Plugin Message: Automatic video embedding prevented by plugin options. -->\n\n<p>\n\nEl Ejecutivo municipal present\u00f3 una nueva oferta salarial del 26 %, en dos cuotas, hasta julio. La propuesta esta dividida en dos cuotas, una parte en abril, del 15%, y la restante en julio del 11%, con la promesa de monitorear la inflaci\u00f3n y sentarse nuevamente a negociar.<\/p>\n\n\n\n<p>Los gremios rechazaron la anterior propuesta contemplaba cuatro cuotas con un aumento total de 28,55%, y ahora eval\u00faan la nueva oferta. Volver\u00e1n a verse las caras el pr\u00f3ximo 3 de abril.<\/p>\n\n\n\n<p>La nueva propuesta realizada establece un aumento del 15 % con el sueldo de abril a percibir en el mes de mayo y un 11%\u00a0 con el sueldo de julio, a percibir en el mes de agosto, con cl\u00e1usula gatillo en julio, para evaluar inflaci\u00f3n y recomposici\u00f3n salarial. Adem\u00e1s se incorpora un incremento al porcentaje por a\u00f1o de antig\u00fcedad, el Ejecutivo propuso elevarlo del 2 al 2,5 %, a efectivizarse en dos cuotas iguales con los salarios de abril y julio.<\/p>\n\n\n\n<p>Fuente: Ramallo Ciudad<\/p>\n","protected":false},"excerpt":{"rendered":"<p>El Ejecutivo municipal present\u00f3 una nueva oferta salarial del 26 %, en dos cuotas, hasta julio. La propuesta esta dividida en dos cuotas, una parte en abril, del 15%, y la restante en julio del 11%, con la promesa de monitorear la inflaci\u00f3n y sentarse nuevamente a negociar. Los gremios rechazaron la anterior propuesta contemplaba [&hellip;]<\/p>\n","protected":false},"author":4,"featured_media":49784,"comment_status":"open","ping_status":"closed","sticky":false,"template":"","format":"standard","meta":{"om_disable_all_campaigns":false,"_jetpack_memberships_contains_paid_content":false,"footnotes":""},"categories":[621],"tags":[],"class_list":["post-49782","post","type-post","status-publish","format-standard","has-post-thumbnail","hentry","category-regionales"],"aioseo_notices":[],"gutentor_comment":0,"jetpack_featured_media_url":"https:\/\/eldiariodesanpedro.com.ar\/sitio\/wp-content\/uploads\/2019\/03\/bbx_369189836_1_municipio.jpg","jetpack_shortlink":"https:\/\/wp.me\/p6RhLt-cWW","jetpack_sharing_enabled":true,"_links":{"self":[{"href":"https:\/\/eldiariodesanpedro.com.ar\/sitio\/wp-json\/wp\/v2\/posts\/49782","targetHints":{"allow":["GET"]}}],"collection":[{"href":"https:\/\/eldiariodesanpedro.com.ar\/sitio\/wp-json\/wp\/v2\/posts"}],"about":[{"href":"https:\/\/eldiariodesanpedro.com.ar\/sitio\/wp-json\/wp\/v2\/types\/post"}],"author":[{"embeddable":true,"href":"https:\/\/eldiariodesanpedro.com.ar\/sitio\/wp-json\/wp\/v2\/users\/4"}],"replies":[{"embeddable":true,"href":"https:\/\/eldiariodesanpedro.com.ar\/sitio\/wp-json\/wp\/v2\/comments?post=49782"}],"version-history":[{"count":1,"href":"https:\/\/eldiariodesanpedro.com.ar\/sitio\/wp-json\/wp\/v2\/posts\/49782\/revisions"}],"predecessor-version":[{"id":49785,"href":"https:\/\/eldiariodesanpedro.com.ar\/sitio\/wp-json\/wp\/v2\/posts\/49782\/revisions\/49785"}],"wp:featuredmedia":[{"embeddable":true,"href":"https:\/\/eldiariodesanpedro.com.ar\/sitio\/wp-json\/wp\/v2\/media\/49784"}],"wp:attachment":[{"href":"https:\/\/eldiariodesanpedro.com.ar\/sitio\/wp-json\/wp\/v2\/media?parent=49782"}],"wp:term":[{"taxonomy":"category","embeddable":true,"href":"https:\/\/eldiariodesanpedro.com.ar\/sitio\/wp-json\/wp\/v2\/categories?post=49782"},{"taxonomy":"post_tag","embeddable":true,"href":"https:\/\/eldiariodesanpedro.com.ar\/sitio\/wp-json\/wp\/v2\/tags?post=49782"}],"curies":[{"name":"wp","href":"https:\/\/api.w.org\/{rel}","templated":true}]}}