{"id":49777,"date":"2019-03-29T10:20:04","date_gmt":"2019-03-29T13:20:04","guid":{"rendered":"https:\/\/eldiariodesanpedro.com.ar\/sitio\/?p=49777"},"modified":"2019-03-29T10:20:25","modified_gmt":"2019-03-29T13:20:25","slug":"campana-escrache-y-busqueda-de-un-sujeto-que-amenazo-a-su-hija-en-la-via-publica","status":"publish","type":"post","link":"https:\/\/eldiariodesanpedro.com.ar\/sitio\/campana-escrache-y-busqueda-de-un-sujeto-que-amenazo-a-su-hija-en-la-via-publica\/","title":{"rendered":"CAMPANA: Escrache y b\u00fasqueda de un sujeto que amenaz\u00f3 a su hija en la v\u00eda p\u00fablica"},"content":{"rendered":"<!-- VideographyWP Plugin Message: Automatic video embedding prevented by plugin options. -->\n\n<p>Ocurri\u00f3 en la Av. Mitre. Vecinos lo increparon ante el maltrato que sufr\u00eda la menor, y denunciaron que su padre se quit\u00f3 el cintur\u00f3n para golpearla con el mismo. \u201cLo seguimos varias cuadras dici\u00e9ndole de todo, pero ni se inmut\u00f3\u201d declararon a Campana Noticias.<\/p>\n\n\n\n<p>Una in\u00e9dita y vergonzante situaci\u00f3n que tuvo a varios vecinos como testigos, ocurri\u00f3 sobre la Av. Mitre, a la altura de la calle Castilla. All\u00ed, un hombre fue increpado por varias personas al maltratar a su hija, de unos cuatro a\u00f1os.<\/p>\n\n\n\n<p>Pasadas las 19 horas, el padre llevaba una mochila y un cuaderno en una de sus manos. Un testimonio de una mujer que caminaba detr\u00e1s, cuenta que esta persona ven\u00eda discutiendo con la ni\u00f1a por unos l\u00e1pices que ella le ped\u00eda. Fue entonces, cuando el sujeto se quit\u00f3 el cintur\u00f3n, y amenaz\u00f3 con golpear a la menor a viva voz, y en plena v\u00eda p\u00fablica.<\/p>\n\n\n\n<p>\u201cLa nena ped\u00eda por favor no me pegues pap\u00e1. Los que vimos la situaci\u00f3n estamos muy angustiados\u201d comenta una vecina en di\u00e1logo con Campana Noticias. Ella, junto a varias personas m\u00e1s, sigui\u00f3 durante un par de cuadras al violento padre, que ni se inmut\u00f3 en medio de los insultos. Ahora, buscan datos sobre este sujeto que seg\u00fan dicen, habr\u00eda ejercido violencia contra su hija p\u00fablicamente. La ni\u00f1a, adem\u00e1s, habr\u00eda repetido en varias ocasiones que los golpes eran reiterados.<\/p>\n\n\n\n<p>La vecina se present\u00f3 en la Comisar\u00eda para denunciar lo ocurrido. Personal policial sali\u00f3 en busca del individuo, sin encontrarlo. \u201cPedimos que aquellos que lograron grabar lo ocurrido, se presenten ante la justicia y aporten las pruebas. Si es capaz de hacer esto en plena calle, no queremos imaginar lo que debe hacer puertas adentro\u201d detall\u00f3 otro de los vecinos que presenci\u00f3 el indignante momento.<\/p>\n\n\n\n<p>Una c\u00e1mara de seguridad de un domicilio en la Av. Mitre registr\u00f3 el pasar tanto del hombre como de la ni\u00f1a, y el momento en el que se quita el cintur\u00f3n del pantal\u00f3n, con el que intimid\u00f3 a su propia hija. Hasta el momento, no hemos tenido acceso a otros registros del hecho, aunque seg\u00fan los testigos, existen. <\/p>\n\n\n\n<figure class=\"wp-block-embed-youtube wp-block-embed is-type-video is-provider-youtube wp-embed-aspect-4-3 wp-has-aspect-ratio\"><div class=\"wp-block-embed__wrapper\">\n<iframe  style=\"display: block; margin: 0px auto;\"  id=\"_ytid_10521\"  width=\"640\" height=\"360\"  data-origwidth=\"640\" data-origheight=\"360\" src=\"https:\/\/www.youtube.com\/embed\/kwobaRlFGQU?enablejsapi=1&#038;autoplay=0&#038;cc_load_policy=0&#038;cc_lang_pref=&#038;iv_load_policy=1&#038;loop=0&#038;rel=1&#038;fs=1&#038;playsinline=0&#038;autohide=2&#038;theme=dark&#038;color=red&#038;controls=1&#038;disablekb=0&#038;\" class=\"__youtube_prefs__  epyt-is-override  no-lazyload\" title=\"YouTube player\"  allow=\"fullscreen; accelerometer; autoplay; clipboard-write; encrypted-media; gyroscope; picture-in-picture; web-share\" referrerpolicy=\"strict-origin-when-cross-origin\" allowfullscreen data-no-lazy=\"1\" data-skipgform_ajax_framebjll=\"\"><\/iframe>\n<\/div><\/figure>\n\n\n\n<p>Fuente: CAmpana Noticias<\/p>\n","protected":false},"excerpt":{"rendered":"<p>Ocurri\u00f3 en la Av. Mitre. Vecinos lo increparon ante el maltrato que sufr\u00eda la menor, y denunciaron que su padre se quit\u00f3 el cintur\u00f3n para golpearla con el mismo. \u201cLo seguimos varias cuadras dici\u00e9ndole de todo, pero ni se inmut\u00f3\u201d declararon a Campana Noticias. Una in\u00e9dita y vergonzante situaci\u00f3n que tuvo a varios vecinos como [&hellip;]<\/p>\n","protected":false},"author":4,"featured_media":49778,"comment_status":"open","ping_status":"closed","sticky":false,"template":"","format":"standard","meta":{"om_disable_all_campaigns":false,"_jetpack_memberships_contains_paid_content":false,"footnotes":""},"categories":[621],"tags":[],"class_list":["post-49777","post","type-post","status-publish","format-standard","has-post-thumbnail","hentry","category-regionales"],"aioseo_notices":[],"gutentor_comment":0,"jetpack_featured_media_url":"https:\/\/eldiariodesanpedro.com.ar\/sitio\/wp-content\/uploads\/2019\/03\/20190329084434.jpg","jetpack_shortlink":"https:\/\/wp.me\/p6RhLt-cWR","jetpack_sharing_enabled":true,"_links":{"self":[{"href":"https:\/\/eldiariodesanpedro.com.ar\/sitio\/wp-json\/wp\/v2\/posts\/49777","targetHints":{"allow":["GET"]}}],"collection":[{"href":"https:\/\/eldiariodesanpedro.com.ar\/sitio\/wp-json\/wp\/v2\/posts"}],"about":[{"href":"https:\/\/eldiariodesanpedro.com.ar\/sitio\/wp-json\/wp\/v2\/types\/post"}],"author":[{"embeddable":true,"href":"https:\/\/eldiariodesanpedro.com.ar\/sitio\/wp-json\/wp\/v2\/users\/4"}],"replies":[{"embeddable":true,"href":"https:\/\/eldiariodesanpedro.com.ar\/sitio\/wp-json\/wp\/v2\/comments?post=49777"}],"version-history":[{"count":2,"href":"https:\/\/eldiariodesanpedro.com.ar\/sitio\/wp-json\/wp\/v2\/posts\/49777\/revisions"}],"predecessor-version":[{"id":49781,"href":"https:\/\/eldiariodesanpedro.com.ar\/sitio\/wp-json\/wp\/v2\/posts\/49777\/revisions\/49781"}],"wp:featuredmedia":[{"embeddable":true,"href":"https:\/\/eldiariodesanpedro.com.ar\/sitio\/wp-json\/wp\/v2\/media\/49778"}],"wp:attachment":[{"href":"https:\/\/eldiariodesanpedro.com.ar\/sitio\/wp-json\/wp\/v2\/media?parent=49777"}],"wp:term":[{"taxonomy":"category","embeddable":true,"href":"https:\/\/eldiariodesanpedro.com.ar\/sitio\/wp-json\/wp\/v2\/categories?post=49777"},{"taxonomy":"post_tag","embeddable":true,"href":"https:\/\/eldiariodesanpedro.com.ar\/sitio\/wp-json\/wp\/v2\/tags?post=49777"}],"curies":[{"name":"wp","href":"https:\/\/api.w.org\/{rel}","templated":true}]}}