{"id":49774,"date":"2019-03-29T10:23:45","date_gmt":"2019-03-29T13:23:45","guid":{"rendered":"https:\/\/eldiariodesanpedro.com.ar\/sitio\/?p=49774"},"modified":"2019-03-29T10:23:49","modified_gmt":"2019-03-29T13:23:49","slug":"un-hombre-fue-amenazado-y-apedreado-por-otro","status":"publish","type":"post","link":"https:\/\/eldiariodesanpedro.com.ar\/sitio\/un-hombre-fue-amenazado-y-apedreado-por-otro\/","title":{"rendered":"Un hombre fue amenazado y apedreado por otro"},"content":{"rendered":"<!-- VideographyWP Plugin Message: Automatic video embedding prevented by plugin options. -->\n\n<p>El hecho sucedi\u00f3 en una obra en construcci\u00f3n, el hombre de 49 a\u00f1os de edad denuncio ser victima de otro sujeto,  que sin conocerlo le arrojaba piedras con una gomera.<\/p>\n\n\n\n<p>La victima se encontraba en intersecci\u00f3n de las calles B.Sampedrina y Lucio Mansilla, cuando llega un malviviente y  comienza a arrojarle piedras con la gomera y amenazarlo de muerte,  incitando ademas a pelear en el lugar.<\/p>\n\n\n\n<p><\/p>\n","protected":false},"excerpt":{"rendered":"<p>El hecho sucedi\u00f3 en una obra en construcci\u00f3n, el hombre de 49 a\u00f1os de edad denuncio ser victima de otro sujeto, que sin conocerlo le arrojaba piedras con una gomera. La victima se encontraba en intersecci\u00f3n de las calles B.Sampedrina y Lucio Mansilla, cuando llega un malviviente y comienza a arrojarle piedras con la gomera [&hellip;]<\/p>\n","protected":false},"author":4,"featured_media":13371,"comment_status":"open","ping_status":"closed","sticky":false,"template":"","format":"standard","meta":{"om_disable_all_campaigns":false,"_jetpack_memberships_contains_paid_content":false,"footnotes":""},"categories":[2,103],"tags":[],"class_list":["post-49774","post","type-post","status-publish","format-standard","has-post-thumbnail","hentry","category-locales","category-policiales-locales"],"aioseo_notices":[],"gutentor_comment":1,"jetpack_featured_media_url":"https:\/\/eldiariodesanpedro.com.ar\/sitio\/wp-content\/uploads\/2017\/01\/Patrulla-3-e1485286104708.jpg","jetpack_shortlink":"https:\/\/wp.me\/p6RhLt-cWO","jetpack_sharing_enabled":true,"_links":{"self":[{"href":"https:\/\/eldiariodesanpedro.com.ar\/sitio\/wp-json\/wp\/v2\/posts\/49774","targetHints":{"allow":["GET"]}}],"collection":[{"href":"https:\/\/eldiariodesanpedro.com.ar\/sitio\/wp-json\/wp\/v2\/posts"}],"about":[{"href":"https:\/\/eldiariodesanpedro.com.ar\/sitio\/wp-json\/wp\/v2\/types\/post"}],"author":[{"embeddable":true,"href":"https:\/\/eldiariodesanpedro.com.ar\/sitio\/wp-json\/wp\/v2\/users\/4"}],"replies":[{"embeddable":true,"href":"https:\/\/eldiariodesanpedro.com.ar\/sitio\/wp-json\/wp\/v2\/comments?post=49774"}],"version-history":[{"count":1,"href":"https:\/\/eldiariodesanpedro.com.ar\/sitio\/wp-json\/wp\/v2\/posts\/49774\/revisions"}],"predecessor-version":[{"id":49783,"href":"https:\/\/eldiariodesanpedro.com.ar\/sitio\/wp-json\/wp\/v2\/posts\/49774\/revisions\/49783"}],"wp:featuredmedia":[{"embeddable":true,"href":"https:\/\/eldiariodesanpedro.com.ar\/sitio\/wp-json\/wp\/v2\/media\/13371"}],"wp:attachment":[{"href":"https:\/\/eldiariodesanpedro.com.ar\/sitio\/wp-json\/wp\/v2\/media?parent=49774"}],"wp:term":[{"taxonomy":"category","embeddable":true,"href":"https:\/\/eldiariodesanpedro.com.ar\/sitio\/wp-json\/wp\/v2\/categories?post=49774"},{"taxonomy":"post_tag","embeddable":true,"href":"https:\/\/eldiariodesanpedro.com.ar\/sitio\/wp-json\/wp\/v2\/tags?post=49774"}],"curies":[{"name":"wp","href":"https:\/\/api.w.org\/{rel}","templated":true}]}}