{"id":49758,"date":"2019-03-29T09:11:19","date_gmt":"2019-03-29T12:11:19","guid":{"rendered":"https:\/\/eldiariodesanpedro.com.ar\/sitio\/?p=49758"},"modified":"2019-03-29T09:11:28","modified_gmt":"2019-03-29T12:11:28","slug":"fue-a-retirar-a-sus-hijos-y-termino-herido-de-gravedad-con-un-arma-blanca","status":"publish","type":"post","link":"https:\/\/eldiariodesanpedro.com.ar\/sitio\/fue-a-retirar-a-sus-hijos-y-termino-herido-de-gravedad-con-un-arma-blanca\/","title":{"rendered":"Fue a retirar a sus hijos y termino herido de gravedad con un arma blanca"},"content":{"rendered":"<!-- VideographyWP Plugin Message: Automatic video embedding prevented by plugin options. -->\n\n<p>El hombre mayor de edad, identificado como Fernando Delucca, fue trasladado al nosocomio local por familiares. Permanece en terapia intensiva con una herida  corto punzante y sangrante en la regi\u00f3n anterior de t\u00f3rax, rama eternal izquierda, con compromiso coronario sangrante, fue intervenido quirugicamente y permanece en estado critico.<\/p>\n\n\n\n<p> El hecho sucedi\u00f3 alrededor de las 19 horas de este jueves, cuando un hombre mayor de edad se dirigi\u00f3 a la vivienda de su ex pareja, sita en calle Balcarse al 1070, con la intensi\u00f3n de retirar a sus hijos.<\/p>\n\n\n\n<p>En ese momento comienza una discusi\u00f3n con la femenina,  donde al mismo tiempo egresa de la morada, la actual pareja y la situaci\u00f3n se agrava aun mas.<\/p>\n\n\n\n<p>El conflicto termina con el hombre que se dirigia a buscar a sus hijos, identificado como Fernando Delucca, apu\u00f1alado en la zona toraxica por la actual pareja de su ex.<\/p>\n\n\n\n<p>Dialogamos con el Dr Herbas, Jefe de Guardia del nosocomio local quien nos contaba que \u00abes un paciente que entro en estado muy grave, fue tra\u00eddo hasta la guardia por familiares, tiene una herida cortante muy cerca del coraz\u00f3n, fue intervenido quirurgicamente de urgencia\u00bb<\/p>\n\n\n\n<p>\u00abEl primer examen medico fue una  herida corto punzante y sangrante en la regi\u00f3n anterior de t\u00f3rax,  rama eternal izquierda, con compromiso coronario sangrante, con  shock hipovolemico, ingresado al quir\u00f3fano con respiraci\u00f3n asistida, ahora tenemos que esperar como evoluciona\u00bb.<\/p>\n\n\n\n<p>Personal policial, luego de los testimonios recabados y de recolectar pruebas, aprehenden al agresor, un hombre de 41 a\u00f1os de edad, pareja actual de la ex mujer del herido.<\/p>\n\n\n\n<p>Fue trasladado a la dependencia local donde permanece alojado con una causa de tentativa de homicidio a la espera de la intervenci\u00f3n de la fiscalia N\u00ba11.<br><\/p>\n\n\n\n<figure class=\"wp-block-image\"><img decoding=\"async\" width=\"780\" height=\"1040\" data-attachment-id=\"49759\" data-permalink=\"https:\/\/eldiariodesanpedro.com.ar\/sitio\/fue-a-retirar-a-sus-hijos-y-termino-herido-de-gravedad-con-un-arma-blanca\/whatsapp-image-2019-03-28-at-8-40-48-pm\/\" data-orig-file=\"https:\/\/eldiariodesanpedro.com.ar\/sitio\/wp-content\/uploads\/2019\/03\/WhatsApp-Image-2019-03-28-at-8.40.48-PM.jpeg\" data-orig-size=\"780,1040\" data-comments-opened=\"1\" data-image-meta=\"{&quot;aperture&quot;:&quot;0&quot;,&quot;credit&quot;:&quot;&quot;,&quot;camera&quot;:&quot;&quot;,&quot;caption&quot;:&quot;&quot;,&quot;created_timestamp&quot;:&quot;0&quot;,&quot;copyright&quot;:&quot;&quot;,&quot;focal_length&quot;:&quot;0&quot;,&quot;iso&quot;:&quot;0&quot;,&quot;shutter_speed&quot;:&quot;0&quot;,&quot;title&quot;:&quot;&quot;,&quot;orientation&quot;:&quot;0&quot;}\" data-image-title=\"WhatsApp Image 2019-03-28 at 8.40.48 PM\" data-image-description=\"\" data-image-caption=\"\" data-large-file=\"https:\/\/eldiariodesanpedro.com.ar\/sitio\/wp-content\/uploads\/2019\/03\/WhatsApp-Image-2019-03-28-at-8.40.48-PM-768x1024.jpeg\" data-src=\"https:\/\/i1.wp.com\/eldiariodesanpedro.com.ar\/sitio\/wp-content\/uploads\/2019\/03\/WhatsApp-Image-2019-03-28-at-8.40.48-PM.jpeg?fit=660%2C880\" alt=\"\" class=\"wp-image-49759 lazyload\" data-srcset=\"https:\/\/eldiariodesanpedro.com.ar\/sitio\/wp-content\/uploads\/2019\/03\/WhatsApp-Image-2019-03-28-at-8.40.48-PM.jpeg 780w, https:\/\/eldiariodesanpedro.com.ar\/sitio\/wp-content\/uploads\/2019\/03\/WhatsApp-Image-2019-03-28-at-8.40.48-PM-225x300.jpeg 225w, https:\/\/eldiariodesanpedro.com.ar\/sitio\/wp-content\/uploads\/2019\/03\/WhatsApp-Image-2019-03-28-at-8.40.48-PM-768x1024.jpeg 768w\" data-sizes=\"(max-width: 780px) 100vw, 780px\" src=\"data:image\/svg+xml;base64,PHN2ZyB3aWR0aD0iMSIgaGVpZ2h0PSIxIiB4bWxucz0iaHR0cDovL3d3dy53My5vcmcvMjAwMC9zdmciPjwvc3ZnPg==\" style=\"--smush-placeholder-width: 780px; --smush-placeholder-aspect-ratio: 780\/1040;\" \/><\/figure>\n","protected":false},"excerpt":{"rendered":"<p>El hombre mayor de edad, identificado como Fernando Delucca, fue trasladado al nosocomio local por familiares. Permanece en terapia intensiva con una herida corto punzante y sangrante en la regi\u00f3n anterior de t\u00f3rax, rama eternal izquierda, con compromiso coronario sangrante, fue intervenido quirugicamente y permanece en estado critico. El hecho sucedi\u00f3 alrededor de las 19 [&hellip;]<\/p>\n","protected":false},"author":4,"featured_media":49751,"comment_status":"open","ping_status":"closed","sticky":false,"template":"","format":"standard","meta":{"om_disable_all_campaigns":false,"_jetpack_memberships_contains_paid_content":false,"footnotes":""},"categories":[50,2,103],"tags":[],"class_list":["post-49758","post","type-post","status-publish","format-standard","has-post-thumbnail","hentry","category-destacadas","category-locales","category-policiales-locales"],"aioseo_notices":[],"gutentor_comment":0,"jetpack_featured_media_url":"https:\/\/eldiariodesanpedro.com.ar\/sitio\/wp-content\/uploads\/2019\/03\/WhatsApp-Image-2019-03-28-at-7.21.38-PM.jpeg","jetpack_shortlink":"https:\/\/wp.me\/p6RhLt-cWy","jetpack_sharing_enabled":true,"_links":{"self":[{"href":"https:\/\/eldiariodesanpedro.com.ar\/sitio\/wp-json\/wp\/v2\/posts\/49758","targetHints":{"allow":["GET"]}}],"collection":[{"href":"https:\/\/eldiariodesanpedro.com.ar\/sitio\/wp-json\/wp\/v2\/posts"}],"about":[{"href":"https:\/\/eldiariodesanpedro.com.ar\/sitio\/wp-json\/wp\/v2\/types\/post"}],"author":[{"embeddable":true,"href":"https:\/\/eldiariodesanpedro.com.ar\/sitio\/wp-json\/wp\/v2\/users\/4"}],"replies":[{"embeddable":true,"href":"https:\/\/eldiariodesanpedro.com.ar\/sitio\/wp-json\/wp\/v2\/comments?post=49758"}],"version-history":[{"count":1,"href":"https:\/\/eldiariodesanpedro.com.ar\/sitio\/wp-json\/wp\/v2\/posts\/49758\/revisions"}],"predecessor-version":[{"id":49760,"href":"https:\/\/eldiariodesanpedro.com.ar\/sitio\/wp-json\/wp\/v2\/posts\/49758\/revisions\/49760"}],"wp:featuredmedia":[{"embeddable":true,"href":"https:\/\/eldiariodesanpedro.com.ar\/sitio\/wp-json\/wp\/v2\/media\/49751"}],"wp:attachment":[{"href":"https:\/\/eldiariodesanpedro.com.ar\/sitio\/wp-json\/wp\/v2\/media?parent=49758"}],"wp:term":[{"taxonomy":"category","embeddable":true,"href":"https:\/\/eldiariodesanpedro.com.ar\/sitio\/wp-json\/wp\/v2\/categories?post=49758"},{"taxonomy":"post_tag","embeddable":true,"href":"https:\/\/eldiariodesanpedro.com.ar\/sitio\/wp-json\/wp\/v2\/tags?post=49758"}],"curies":[{"name":"wp","href":"https:\/\/api.w.org\/{rel}","templated":true}]}}