{"id":49741,"date":"2019-03-28T17:06:38","date_gmt":"2019-03-28T20:06:38","guid":{"rendered":"https:\/\/eldiariodesanpedro.com.ar\/sitio\/?p=49741"},"modified":"2019-03-28T17:06:50","modified_gmt":"2019-03-28T20:06:50","slug":"baradero-concejal-del-fpv-opino-la-intendenta-tiene-un-24-de-aceptacion","status":"publish","type":"post","link":"https:\/\/eldiariodesanpedro.com.ar\/sitio\/baradero-concejal-del-fpv-opino-la-intendenta-tiene-un-24-de-aceptacion\/","title":{"rendered":"BARADERO: Concejal del FPV opin\u00f3: \u201cLa intendenta tiene un 24% de aceptaci\u00f3n\u201d"},"content":{"rendered":"<!-- VideographyWP Plugin Message: Automatic video embedding prevented by plugin options. -->\n\n<p>En esos t\u00e9rminos lo dijo el concejal del FPV, y uno de los pre candidatos a intendentes por el peronismo Esteban Sanzio. Fue este martes en un di\u00e1logo con Tu Radio. Explic\u00f3 que \u201clos n\u00fameros son referidos a una encuesta que estar\u00eda circulando en la ciudad\u201d. \u201cLa gente se siente defraudaporque han hecho promesas que, no pudieron cumplir\u201d, resalt\u00f3.<\/p>\n\n\n\n<p>El martes por la ma\u00f1ana el presidente del bloque FPV, en el concejo deliberante, y pre candidato a intendente -Esteban Sanzio-; concedi\u00f3 una entrevista a Tu Radio. Conrm\u00f3 que \u201cse pospuso para la pr\u00f3xima semana la visita de la Diputada Fernanda Vallejos\u201d para brindar una charla en SMATA. La economista expondr\u00e1 sobre la situaci\u00f3n actual del pa\u00eds luego de conocerse que \u201ccerca de un 31% de la poblaci\u00f3n es pobre\u201d luego de los datos difundidos por la UCA. En ese sentido Sanzio explic\u00f3 que \u201celectoralmente Cambiemos est\u00e1 en una situaci\u00f3n complicada\u201d y puntualiz\u00f3: \u201cen el orden local la gesti\u00f3n de la intendenta tiene un 24%\u201d. Dijo que \u201clos n\u00fameros surgieron de una encuesta que est\u00e1 circulando por la ciudad. A lo qu\u00e9 agreg\u00f3: \u201cLa gente se siente defrauda porque han hecho promesas que, no pudieron cumplir\u201d. Sanzio ratic\u00f3 que \u201cla alternativa es el peronismo\u201d: \u201ctenemos una responsabilidad que es hacerle entender a la gente que existe otro camino\u201d. Tambi\u00e9n hizo referencia a la reuni\u00f3n que se realiz\u00f3 en la sede del PJ local el jueves pasado. Y volvi\u00f3 a mostrarse conado respecto al camino a la unidad que se pretende.<\/p>\n","protected":false},"excerpt":{"rendered":"<p>En esos t\u00e9rminos lo dijo el concejal del FPV, y uno de los pre candidatos a intendentes por el peronismo Esteban Sanzio. Fue este martes en un di\u00e1logo con Tu Radio. Explic\u00f3 que \u201clos n\u00fameros son referidos a una encuesta que estar\u00eda circulando en la ciudad\u201d. \u201cLa gente se siente defraudaporque han hecho promesas que, [&hellip;]<\/p>\n","protected":false},"author":4,"featured_media":49742,"comment_status":"open","ping_status":"closed","sticky":false,"template":"","format":"standard","meta":{"om_disable_all_campaigns":false,"_jetpack_memberships_contains_paid_content":false,"footnotes":""},"categories":[621],"tags":[],"class_list":["post-49741","post","type-post","status-publish","format-standard","has-post-thumbnail","hentry","category-regionales"],"aioseo_notices":[],"gutentor_comment":0,"jetpack_featured_media_url":"https:\/\/eldiariodesanpedro.com.ar\/sitio\/wp-content\/uploads\/2019\/03\/20151212113327.jpg","jetpack_shortlink":"https:\/\/wp.me\/p6RhLt-cWh","jetpack_sharing_enabled":true,"_links":{"self":[{"href":"https:\/\/eldiariodesanpedro.com.ar\/sitio\/wp-json\/wp\/v2\/posts\/49741","targetHints":{"allow":["GET"]}}],"collection":[{"href":"https:\/\/eldiariodesanpedro.com.ar\/sitio\/wp-json\/wp\/v2\/posts"}],"about":[{"href":"https:\/\/eldiariodesanpedro.com.ar\/sitio\/wp-json\/wp\/v2\/types\/post"}],"author":[{"embeddable":true,"href":"https:\/\/eldiariodesanpedro.com.ar\/sitio\/wp-json\/wp\/v2\/users\/4"}],"replies":[{"embeddable":true,"href":"https:\/\/eldiariodesanpedro.com.ar\/sitio\/wp-json\/wp\/v2\/comments?post=49741"}],"version-history":[{"count":1,"href":"https:\/\/eldiariodesanpedro.com.ar\/sitio\/wp-json\/wp\/v2\/posts\/49741\/revisions"}],"predecessor-version":[{"id":49743,"href":"https:\/\/eldiariodesanpedro.com.ar\/sitio\/wp-json\/wp\/v2\/posts\/49741\/revisions\/49743"}],"wp:featuredmedia":[{"embeddable":true,"href":"https:\/\/eldiariodesanpedro.com.ar\/sitio\/wp-json\/wp\/v2\/media\/49742"}],"wp:attachment":[{"href":"https:\/\/eldiariodesanpedro.com.ar\/sitio\/wp-json\/wp\/v2\/media?parent=49741"}],"wp:term":[{"taxonomy":"category","embeddable":true,"href":"https:\/\/eldiariodesanpedro.com.ar\/sitio\/wp-json\/wp\/v2\/categories?post=49741"},{"taxonomy":"post_tag","embeddable":true,"href":"https:\/\/eldiariodesanpedro.com.ar\/sitio\/wp-json\/wp\/v2\/tags?post=49741"}],"curies":[{"name":"wp","href":"https:\/\/api.w.org\/{rel}","templated":true}]}}