{"id":49738,"date":"2019-03-28T16:52:33","date_gmt":"2019-03-28T19:52:33","guid":{"rendered":"https:\/\/eldiariodesanpedro.com.ar\/sitio\/?p=49738"},"modified":"2019-03-28T16:52:43","modified_gmt":"2019-03-28T19:52:43","slug":"baradero-chocaron-a-una-mama-con-su-bebe","status":"publish","type":"post","link":"https:\/\/eldiariodesanpedro.com.ar\/sitio\/baradero-chocaron-a-una-mama-con-su-bebe\/","title":{"rendered":"BARADERO: Chocaron a una mam\u00e1 con su bebe"},"content":{"rendered":"<!-- VideographyWP Plugin Message: Automatic video embedding prevented by plugin options. -->\n\n<p> Pasadas las 9 de la ma\u00f1ana en la esquina de San Mart\u00edn y Malabia y por causas que se tratan de establecer un autom\u00f3vil Toyota Corolla choc\u00f3 a una mam\u00e1 y a su bebe de 1 a\u00f1o que cruzaba calle San Mart\u00edn.<\/p>\n\n\n\n<p>El veh\u00edculo en cuesti\u00f3n, conducido por una mujer, desde calle Malabia habr\u00eda querido tomar la avenida principal y es ah\u00ed donde ocurre este hecho.<\/p>\n\n\n\n<p>La madre junto a su bebe de 1 a\u00f1o fueron trasladados por el servicio de emergencias SAME.<\/p>\n\n\n\n<p>Afortunadamente tanto la madre como su hijo fueron atendidos en el nosocomio local y est\u00e1n fuera de peligro seg\u00fan el informe de nuestra unidad m\u00f3vil.<\/p>\n\n\n\n<p>Fuente: Impacto Baradero<\/p>\n","protected":false},"excerpt":{"rendered":"<p>Pasadas las 9 de la ma\u00f1ana en la esquina de San Mart\u00edn y Malabia y por causas que se tratan de establecer un autom\u00f3vil Toyota Corolla choc\u00f3 a una mam\u00e1 y a su bebe de 1 a\u00f1o que cruzaba calle San Mart\u00edn. El veh\u00edculo en cuesti\u00f3n, conducido por una mujer, desde calle Malabia habr\u00eda querido [&hellip;]<\/p>\n","protected":false},"author":4,"featured_media":49739,"comment_status":"open","ping_status":"closed","sticky":false,"template":"","format":"standard","meta":{"om_disable_all_campaigns":false,"_jetpack_memberships_contains_paid_content":false,"footnotes":""},"categories":[621],"tags":[],"class_list":["post-49738","post","type-post","status-publish","format-standard","has-post-thumbnail","hentry","category-regionales"],"aioseo_notices":[],"gutentor_comment":0,"jetpack_featured_media_url":"https:\/\/eldiariodesanpedro.com.ar\/sitio\/wp-content\/uploads\/2019\/03\/whatsapp-image-2019-03-28-at-09.27.02.jpeg","jetpack_shortlink":"https:\/\/wp.me\/p6RhLt-cWe","jetpack_sharing_enabled":true,"_links":{"self":[{"href":"https:\/\/eldiariodesanpedro.com.ar\/sitio\/wp-json\/wp\/v2\/posts\/49738","targetHints":{"allow":["GET"]}}],"collection":[{"href":"https:\/\/eldiariodesanpedro.com.ar\/sitio\/wp-json\/wp\/v2\/posts"}],"about":[{"href":"https:\/\/eldiariodesanpedro.com.ar\/sitio\/wp-json\/wp\/v2\/types\/post"}],"author":[{"embeddable":true,"href":"https:\/\/eldiariodesanpedro.com.ar\/sitio\/wp-json\/wp\/v2\/users\/4"}],"replies":[{"embeddable":true,"href":"https:\/\/eldiariodesanpedro.com.ar\/sitio\/wp-json\/wp\/v2\/comments?post=49738"}],"version-history":[{"count":1,"href":"https:\/\/eldiariodesanpedro.com.ar\/sitio\/wp-json\/wp\/v2\/posts\/49738\/revisions"}],"predecessor-version":[{"id":49740,"href":"https:\/\/eldiariodesanpedro.com.ar\/sitio\/wp-json\/wp\/v2\/posts\/49738\/revisions\/49740"}],"wp:featuredmedia":[{"embeddable":true,"href":"https:\/\/eldiariodesanpedro.com.ar\/sitio\/wp-json\/wp\/v2\/media\/49739"}],"wp:attachment":[{"href":"https:\/\/eldiariodesanpedro.com.ar\/sitio\/wp-json\/wp\/v2\/media?parent=49738"}],"wp:term":[{"taxonomy":"category","embeddable":true,"href":"https:\/\/eldiariodesanpedro.com.ar\/sitio\/wp-json\/wp\/v2\/categories?post=49738"},{"taxonomy":"post_tag","embeddable":true,"href":"https:\/\/eldiariodesanpedro.com.ar\/sitio\/wp-json\/wp\/v2\/tags?post=49738"}],"curies":[{"name":"wp","href":"https:\/\/api.w.org\/{rel}","templated":true}]}}