{"id":49735,"date":"2019-03-28T16:50:28","date_gmt":"2019-03-28T19:50:28","guid":{"rendered":"https:\/\/eldiariodesanpedro.com.ar\/sitio\/?p=49735"},"modified":"2019-03-28T16:50:38","modified_gmt":"2019-03-28T19:50:38","slug":"san-nicolas-secuestraron-mas-de-7-kilos-de-cannabis","status":"publish","type":"post","link":"https:\/\/eldiariodesanpedro.com.ar\/sitio\/san-nicolas-secuestraron-mas-de-7-kilos-de-cannabis\/","title":{"rendered":"SAN NICOLAS: Secuestraron m\u00e1s de 7 kilos de Cannabis"},"content":{"rendered":"<!-- VideographyWP Plugin Message: Automatic video embedding prevented by plugin options. -->\n\n<p>\n\nEn el procedimiento fue aprehendido Cristian \u00abDiente\u00bb Crespo, de 42 a\u00f1os, imputado por tenencia de estupefacientes con fines de comercializaci\u00f3n.&nbsp;<\/p>\n\n\n\n<p>En el marco de los allanamientos por el homicidio de Alexis Ch\u00e1vez, personal de la Comisar\u00eda Tercera incaut\u00f3 en una vivienda de calle Jos\u00e9 Rivas al 200 m\u00e1s de 7 kilos de cogollos de marihuana.\u00a0<br><br>En el procedimiento fue aprehendido Cristian \u00abDiente\u00bb Crespo, de 42 a\u00f1os, imputado por tenencia de estupefacientes con fines de comercializaci\u00f3n.\u00a0<br><br>En total lo secuestrado fue: 7.230 gramos de cogollos de marihuana, una campera negra con capucha y un tel\u00e9fono celular LG negro.<br><br>Interviene la U.F.I. N\u00b010 a cargo del Dr. Ariel Tempo.<\/p>\n\n\n\n<p>Fuente: Diario El Informante<\/p>\n","protected":false},"excerpt":{"rendered":"<p>En el procedimiento fue aprehendido Cristian \u00abDiente\u00bb Crespo, de 42 a\u00f1os, imputado por tenencia de estupefacientes con fines de comercializaci\u00f3n.&nbsp; En el marco de los allanamientos por el homicidio de Alexis Ch\u00e1vez, personal de la Comisar\u00eda Tercera incaut\u00f3 en una vivienda de calle Jos\u00e9 Rivas al 200 m\u00e1s de 7 kilos de cogollos de marihuana.\u00a0 [&hellip;]<\/p>\n","protected":false},"author":4,"featured_media":49736,"comment_status":"open","ping_status":"closed","sticky":false,"template":"","format":"standard","meta":{"om_disable_all_campaigns":false,"_jetpack_memberships_contains_paid_content":false,"footnotes":""},"categories":[621],"tags":[],"class_list":["post-49735","post","type-post","status-publish","format-standard","has-post-thumbnail","hentry","category-regionales"],"aioseo_notices":[],"gutentor_comment":0,"jetpack_featured_media_url":"https:\/\/eldiariodesanpedro.com.ar\/sitio\/wp-content\/uploads\/2019\/03\/no_ikbklbxxxulex3pdroga.jpg","jetpack_shortlink":"https:\/\/wp.me\/p6RhLt-cWb","jetpack_sharing_enabled":true,"_links":{"self":[{"href":"https:\/\/eldiariodesanpedro.com.ar\/sitio\/wp-json\/wp\/v2\/posts\/49735","targetHints":{"allow":["GET"]}}],"collection":[{"href":"https:\/\/eldiariodesanpedro.com.ar\/sitio\/wp-json\/wp\/v2\/posts"}],"about":[{"href":"https:\/\/eldiariodesanpedro.com.ar\/sitio\/wp-json\/wp\/v2\/types\/post"}],"author":[{"embeddable":true,"href":"https:\/\/eldiariodesanpedro.com.ar\/sitio\/wp-json\/wp\/v2\/users\/4"}],"replies":[{"embeddable":true,"href":"https:\/\/eldiariodesanpedro.com.ar\/sitio\/wp-json\/wp\/v2\/comments?post=49735"}],"version-history":[{"count":1,"href":"https:\/\/eldiariodesanpedro.com.ar\/sitio\/wp-json\/wp\/v2\/posts\/49735\/revisions"}],"predecessor-version":[{"id":49737,"href":"https:\/\/eldiariodesanpedro.com.ar\/sitio\/wp-json\/wp\/v2\/posts\/49735\/revisions\/49737"}],"wp:featuredmedia":[{"embeddable":true,"href":"https:\/\/eldiariodesanpedro.com.ar\/sitio\/wp-json\/wp\/v2\/media\/49736"}],"wp:attachment":[{"href":"https:\/\/eldiariodesanpedro.com.ar\/sitio\/wp-json\/wp\/v2\/media?parent=49735"}],"wp:term":[{"taxonomy":"category","embeddable":true,"href":"https:\/\/eldiariodesanpedro.com.ar\/sitio\/wp-json\/wp\/v2\/categories?post=49735"},{"taxonomy":"post_tag","embeddable":true,"href":"https:\/\/eldiariodesanpedro.com.ar\/sitio\/wp-json\/wp\/v2\/tags?post=49735"}],"curies":[{"name":"wp","href":"https:\/\/api.w.org\/{rel}","templated":true}]}}