{"id":49732,"date":"2019-03-28T16:46:07","date_gmt":"2019-03-28T19:46:07","guid":{"rendered":"https:\/\/eldiariodesanpedro.com.ar\/sitio\/?p=49732"},"modified":"2019-03-28T16:46:18","modified_gmt":"2019-03-28T19:46:18","slug":"la-ddi-pergamino-detuvo-a-empresario-por-estafas-en-la-pampa","status":"publish","type":"post","link":"https:\/\/eldiariodesanpedro.com.ar\/sitio\/la-ddi-pergamino-detuvo-a-empresario-por-estafas-en-la-pampa\/","title":{"rendered":"La DDI Pergamino detuvo a empresario por estafas en La Pampa"},"content":{"rendered":"<!-- VideographyWP Plugin Message: Automatic video embedding prevented by plugin options. -->\n\n<p>El sospechoso creaba empresas fantasmas y enga\u00f1aba a productores con millonarias compras. Qued\u00f3 detenido y a disposici\u00f3n de la fiscal\u00eda interviniente. Pagaba con cheques sin fondo. Se investiga que podr\u00eda haber estafado a empresarios de nuestra ciudad.<\/p>\n\n\n\n<p>Personal de la Delegaci\u00f3n de Investigaciones Pergamino (DDI Pergamino), en forma conjunta \u00a0con personal de la Fiscal\u00eda de Delitos Econ\u00f3micos y Administraci\u00f3n Publica de la Provincia de la Pampa, lograron esclarecer un hecho que fue caratulado como \u201cEstafas Reiteradas y Asociaci\u00f3n Il\u00edcita\u201d. A la vez se investiga si el acusado efectu\u00f3 los mismos delitos pero en esta regi\u00f3n de la Provincia de Buenos Aires.<\/p>\n\n\n\n<p>El hecho se perpetr\u00f3 en la localidad de Santa Rosa, La Pampa, entre junio y julio del pasado a\u00f1o. All\u00ed se pudo establecer que un grupo de comerciantes agropecuarios fueron v\u00edctimas de las andanzas de una persona que dijo ser representante de las empresas Bayi y Gramaeltex y les compr\u00f3 ganado por un valor cercano a los $4.000.000. Esa cifra fue abonada por cheques pertenecientes a esas firmas pero a la vez fueron rechazados por no tener fondo.<\/p>\n\n\n\n<p>Fue as\u00ed como personal de la Fiscal\u00eda de Delitos Econ\u00f3micos y Administraci\u00f3n P\u00fablica de la Provincia de La Pampa lograron determinar que dichas empresa resultaban ser fantasmas, que eran compa\u00f1\u00edas creadas como veh\u00edculo para diferentes operaciones empresariales sin tener solvencia, como as\u00ed tambi\u00e9n la identidad y lugar de residencia del autor material.<\/p>\n\n\n\n<p>La investigaci\u00f3n dio sus frutos y d\u00edas atr\u00e1s se logr\u00f3 detener a una persona de 46 a\u00f1os domiciliada en la localidad de Pergamino, quien a la vez fue identificado como la persona que efectu\u00f3 las negociaciones con los productores pampeanos. &nbsp;<\/p>\n\n\n\n<p>El \u00fanico imputado fue trasladado a la DDI Pergamino, donde permanece alojado a disposici\u00f3n del Magistrado actuante.\u00a0<\/p>\n\n\n\n<p>Fuente: San Pedro Informa<\/p>\n","protected":false},"excerpt":{"rendered":"<p>El sospechoso creaba empresas fantasmas y enga\u00f1aba a productores con millonarias compras. Qued\u00f3 detenido y a disposici\u00f3n de la fiscal\u00eda interviniente. Pagaba con cheques sin fondo. Se investiga que podr\u00eda haber estafado a empresarios de nuestra ciudad. Personal de la Delegaci\u00f3n de Investigaciones Pergamino (DDI Pergamino), en forma conjunta \u00a0con personal de la Fiscal\u00eda de [&hellip;]<\/p>\n","protected":false},"author":4,"featured_media":49733,"comment_status":"open","ping_status":"closed","sticky":false,"template":"","format":"standard","meta":{"om_disable_all_campaigns":false,"_jetpack_memberships_contains_paid_content":false,"footnotes":""},"categories":[2,103],"tags":[],"class_list":["post-49732","post","type-post","status-publish","format-standard","has-post-thumbnail","hentry","category-locales","category-policiales-locales"],"aioseo_notices":[],"gutentor_comment":0,"jetpack_featured_media_url":"https:\/\/eldiariodesanpedro.com.ar\/sitio\/wp-content\/uploads\/2019\/03\/000076321.jpg","jetpack_shortlink":"https:\/\/wp.me\/p6RhLt-cW8","jetpack_sharing_enabled":true,"_links":{"self":[{"href":"https:\/\/eldiariodesanpedro.com.ar\/sitio\/wp-json\/wp\/v2\/posts\/49732","targetHints":{"allow":["GET"]}}],"collection":[{"href":"https:\/\/eldiariodesanpedro.com.ar\/sitio\/wp-json\/wp\/v2\/posts"}],"about":[{"href":"https:\/\/eldiariodesanpedro.com.ar\/sitio\/wp-json\/wp\/v2\/types\/post"}],"author":[{"embeddable":true,"href":"https:\/\/eldiariodesanpedro.com.ar\/sitio\/wp-json\/wp\/v2\/users\/4"}],"replies":[{"embeddable":true,"href":"https:\/\/eldiariodesanpedro.com.ar\/sitio\/wp-json\/wp\/v2\/comments?post=49732"}],"version-history":[{"count":1,"href":"https:\/\/eldiariodesanpedro.com.ar\/sitio\/wp-json\/wp\/v2\/posts\/49732\/revisions"}],"predecessor-version":[{"id":49734,"href":"https:\/\/eldiariodesanpedro.com.ar\/sitio\/wp-json\/wp\/v2\/posts\/49732\/revisions\/49734"}],"wp:featuredmedia":[{"embeddable":true,"href":"https:\/\/eldiariodesanpedro.com.ar\/sitio\/wp-json\/wp\/v2\/media\/49733"}],"wp:attachment":[{"href":"https:\/\/eldiariodesanpedro.com.ar\/sitio\/wp-json\/wp\/v2\/media?parent=49732"}],"wp:term":[{"taxonomy":"category","embeddable":true,"href":"https:\/\/eldiariodesanpedro.com.ar\/sitio\/wp-json\/wp\/v2\/categories?post=49732"},{"taxonomy":"post_tag","embeddable":true,"href":"https:\/\/eldiariodesanpedro.com.ar\/sitio\/wp-json\/wp\/v2\/tags?post=49732"}],"curies":[{"name":"wp","href":"https:\/\/api.w.org\/{rel}","templated":true}]}}