{"id":49729,"date":"2019-03-28T16:43:09","date_gmt":"2019-03-28T19:43:09","guid":{"rendered":"https:\/\/eldiariodesanpedro.com.ar\/sitio\/?p=49729"},"modified":"2019-03-28T16:43:24","modified_gmt":"2019-03-28T19:43:24","slug":"resumen-de-actividades-realizadas-por-la-camara-de-turismo-del-centro-de-comercio","status":"publish","type":"post","link":"https:\/\/eldiariodesanpedro.com.ar\/sitio\/resumen-de-actividades-realizadas-por-la-camara-de-turismo-del-centro-de-comercio\/","title":{"rendered":"Resumen de actividades realizadas por la Camara de Turismo del Centro de Comercio"},"content":{"rendered":"<!-- VideographyWP Plugin Message: Automatic video embedding prevented by plugin options. -->\n\n<p>Desde la C\u00e1mara de Turismo del Centro de Comercio de San Pedro nos complace compartir las actividades, gestiones y acciones que hemos desarrollado hasta el momento:<\/p>\n\n\n\n<p>8 de Noviembre: En las instalaciones del Centro de Comercio Industria y Turismo de San Pedro y luego de diversas reuniones decidimos retomar acciones poniendo en marcha la \u00a8C\u00e1mara de Turismo del Centro de Comercio e Industria y Turismo de San Pedro (Bs As)\u00a8 CATCCIT San Pedro Bs As .<\/p>\n\n\n\n<p>15 de Noviembre: Reuni\u00f3n con \u00e1reas municipales referentes al turismo. En la misma estuvimos junto a la directora de turismo local. Marcela Cu\u00f1er, secretario de desarrollo econ\u00f3mico Alfredo Camilletti, su secretaria Candelaria De Vincenzi y el presidente del bloque cambiemos, Concejal Ivan Paz. En la misma se present\u00f3 el an\u00e1lisis FODA y los 12 puntos que consideramos indispensables poner en marcha con vistas a dos objetivos a largo plazo. A considerar: trabajar en funci\u00f3n de stand propio en FIT 2019 y acciones de marketing directo a trav\u00e9s de redes y mediante convenios de cooperaci\u00f3n mutua. La directora de Turismo expreso contar con estad\u00edsticas sobre ocupaci\u00f3n hotelera las que confiamos en recibir v\u00eda mail para poder trabajar conjuntamente en un diagn\u00f3stico de situaci\u00f3n.<\/p>\n\n\n\n<p>26 de Noviembre: Primer y segunda reuni\u00f3n con referentes filial zonal de FEGHRA San Nicol\u00e1s: La primera reuni\u00f3n se llev\u00f3 a cabo el 26\/11en San Nicol\u00e1s. Presentamos Acta de conformaci\u00f3n; FODA y Acciones a realizar , expresando la intenci\u00f3n de tener un acuerdo program\u00e1tico en los puntos que concordemos y trabajar sobre ellos, obteniendo como resultado un gran acercamiento para trabajar en conjunto. La segunda reuni\u00f3n se realiz\u00f3 el dia 10\/12en las instalaciones del Centro de Comercio; participaron por la Camara Hotelera y Gastronomica San Nicolas , filial FEHGRA San Nicolas , Rene Baigorria y la Sra Stella , y por la C\u00e1mara de Turismo de San Pedro , Martin Rivas y Cesar Allegrone. Algunas acciones a corto y largo plazo a realizar en conjunto con CHYG San Nicol\u00e1s: \u2022 Firma de Convenio Marco de Colaboraci\u00f3n Mutua. \u2022 Colaboraci\u00f3n en la regularizaci\u00f3n del padr\u00f3n. \u2022 Negociaciones con el Consejo Deliberante y el Ejecutivo local para la implementaci\u00f3n de una ordenanza que ponga en funcionamiento la Ley Provincial para Regularizaci\u00f3n de Alojamientos Informales.<br>\n\u2022 Lanzamiento de la seccional San Pedro &#8211; Baradero \u2022 Calendario 2019 de capacitaciones dirigido a recepcionistas camareros y trabajadores del turismo. \u2022 Servicio de asesoramiento legal para nuestros afiliados a cargo de Fehgra, dentro del que se encuentra la exenci\u00f3n de pago del impuesto SAADAIC AADI CAPIF para los hoteleros afiliados. \u2022 Comienzos de trabajos para desarrollo de la ruta fluvial Tigre &#8211; San Nicol\u00e1s en conjunto con Secretaria de Turismo Provincial.<\/p>\n\n\n\n<p>Diciembre: Retomamos contacto con la C\u00e1mara de Turismo de la Provincia de Buenos Aires CATUR PBA A partir de los contactos y gesti\u00f3n de Mauro Troilo, nos contactamos con los referentes de CATUR PBA, quienes trabajaron todo el a\u00f1o para conformarse como C\u00e1mara. Cabe se\u00f1alar que San Pedro, es socio fundador de esta C\u00e1mara y a trav\u00e9s de la persona de Mauro Troilo tiene vos y voto como miembro de su comisi\u00f3n. En este espacio de tratan problem\u00e1ticas y proyectos provinciales referentes al turismo; y lo conforman destacados profesionales, referentes de los distintos destinos. El d\u00eda 21 de diciembre se llev\u00f3 a cabo en la ciudad de Mar del Plata la reuni\u00f3n de fin de a\u00f1o.<\/p>\n\n\n\n<p>24 de Enero: Primer reuni\u00f3n con referentes de RUEDA SINDICAL: El d\u00eda 24\/1 nos reunimos en las instalaciones del Sindicato del Petr\u00f3leo y Gas Privado los representantes del Centro de Comercio Industria y Turismo de San Pedro (Mauro Troilo , Presidente) y la C\u00e1mara de Turismo ( Martin Rivas , Presidente) junto a los referentes de la Rueda Sindical ( Pablo Merzi de Personal Superior de Empresas Aerocomerciales ; Rafael Albornoz del Centro de Patrones Fluviales ; Juan Jos\u00e9 Peralta UTEDYC y Carlos Martinez Petr\u00f3leo y Gas Privado ) con el objetivo de plantear y escuchar los lineamientos a seguir para el armado de un Convenio de Cooperaci\u00f3n mutua que nos permita brindar desde San pedro beneficios y propuestas tur\u00edsticas a los afiliados de dichos gremios. De dicha reuni\u00f3n podemos resumir que: Los afiliados a la rueda Sindical suman un aproximado de 80mil trabajadores que recibir\u00edan nuestra propuesta. Que desde Viv\u00ed San Pedro y la desde C\u00e1mara de Turismo local prepararemos una propuesta integral con beneficios en hoteler\u00eda, gastronom\u00eda, actividades y servicios de informaci\u00f3n tur\u00edstica, contando con oficina virtual en la app y web Viv\u00ed San Pedro y un punto de encuentro f\u00edsico en San Pedro para recibir a los afiliados que se quieran acercar o necesiten alg\u00fan tipo de asesoramiento.<\/p>\n\n\n\n<p>8 de Febrero: Presentaci\u00f3n p\u00fablica de la C\u00e1mara de Turismo y convenio con la Red de Turismo Social Luego de varias reuniones en Bs As y San Pedro se suscribi\u00f3 el Convenio Marco para la Promoci\u00f3n Tur\u00edstica de San Pedro con representantes de la Rueda Solidaria de Turismo Social y Sindical. En nombre de nuestra entidad dieron la bienvenida y se expresaron con relaci\u00f3n a la pol\u00edtica de desarrollo del turismo, el Presidente Mauro Troilo y el titular de la C\u00e1mara de Turismo, Mart\u00edn Rivas. Destacando la importancia de la iniciativa propuesta desde San Pedro, y anticipando el compromiso de todos los sindicatos que son parte de la red para potenciar este acuerdo, hablaron el Sr. Sergio<br>\nJerez por el Sindicato de Camioneros y Secretario Gral. de la CGT Lan\u00fas-Avellaneda y Pablo Merzi en representaci\u00f3n de UPSA, Uni\u00f3n de Personal Superior y Profesional de Empresas Aerocomerciales y adem\u00e1s presidente de la Rueda Sindical de Turismo. En la reuni\u00f3n participaron integrantes de los sindicatos que forman parte de la Red Solidaria del Turismo Social, prestadores locales y en representaci\u00f3n de la Municipalidad de San Pedro, el Secretario de Desarrollo Econ\u00f3mico Alfredo Camilletti y el presidente del bloque de concejales de Cambiemos, Iv\u00e1n Paz. Los gremios involucrados en este acuerdo re\u00fanen aproximadamente 80 mil trabajadores del conurbano bonaerense que, a partir de las acciones compartidas entre los sindicatos y los prestadores locales a trav\u00e9s de la C\u00e1mara, podr\u00e1n ofrecer descuentos y promociones para estimular la elecci\u00f3n de nuestro destino. Paralelamente se encuentran muy avanzadas las conversaciones con las siguientes entidades en post de concretar diferentes acuerdos: \u2022 Ceamse \u2022 Universidad del Salvador \u2022 Universidad Cat\u00f3lica \u2022 Universidad de Palermo \u2022 Club Ferro Carril Oeste Asimismo se est\u00e1 trabajando para poder desarrollar un convenio de beneficios mutuos con la C\u00e1mara de Turismo de Luj\u00e1n . El mismo incluye, adem\u00e1s, la exposici\u00f3n de material de nuestra ciudad y posteriormente la exposici\u00f3n de Lujan en San Pedro Estas acciones nos permiten comenzar con uno de los valores m\u00e1s importantes de nuestra misi\u00f3n: traccionar turistas para la ciudad de San Pedro, motor de desarrollo fundamental para la actividad y para la ciudad a trav\u00e9s de la generaci\u00f3n de puestos de trabajo genuinos. Por lo tanto ya comenzamos con el empadronamiento del sector privado, quienes completando una ficha quedan asociados a la C\u00e1mara. Se abonar\u00e1 una cuota mensual a definir. A cambio estar\u00e1n recibiendo los beneficios anteriormente detallados.<\/p>\n\n\n\n<p>2 de Marzo: La C\u00e1mara de Turismo acompa\u00f1\u00f3 el primer Concurso de Pesca en Kayak El s\u00e1bado 2 de Marzo se realiz\u00f3 en San Pedro el Primer Concurso de pesca en Kayak. El evento fue organizado por la empresa local Gran Paran\u00e1 Pesca y Aire Libre, conto con la colaboraci\u00f3n de la C\u00e1mara de Turismo del Centro de Centro de Comercio e Industria, asistiendo al evento personal de las direcciones de Turismo y de Deportes Municipales. El concurso convoco a m\u00e1s de 75 participantes, la mayor\u00eda de los cuales llegaron desde distintos puntos del pa\u00eds; transform\u00e1ndose de esta manera en un evento de atracci\u00f3n tur\u00edstica para nuestra localidad, lo que seg\u00fan sus organizadores marca el puntapi\u00e9 inicial de una serie de actividades relacionadas a la pesca deportiva y turismo n\u00e1utico. Desde nuestra instituci\u00f3n agradecimos la profesionalidad de Gonzalo Castagnola y equipo, quienes nos convocaron a participar de esta iniciativa que surge desde el sector privado en pos de mejorar la calidad tur\u00edstica de nuestra localidad , as\u00ed como al personal de Prefectura Naval Argentina quienes<br>\ndesde temprano colaboraron en todo lo referente a la seguridad n\u00e1utica y acompa\u00f1amiento de los participantes.<\/p>\n\n\n\n<p>13 de Marzo: Participaci\u00f3n en Expo Agro 2019 Como una de las acciones del mes de Marzo , participamos en Expo Agro 2019 , acompa\u00f1ando a la Municipalidad de San Pedro y su Secretaria de Desarrollo Econ\u00f3mico con el fin de afianzar v\u00ednculos entre los sectores p\u00fablicos y privados , generando reuniones de trabajo con instituciones de otras localidades en post de potenciar la actividad tur\u00edstica de nuestra ciudad. En dicha Expo participamos de la reuni\u00f3n Multisectorial organizada por la Secretar\u00eda de Desarrollo Econ\u00f3mico de la Municipalidad de San Pedro. El encuentro tuvo como prop\u00f3sito reunir a las principales instituciones locales para plantear un debate sobre la situaci\u00f3n actual y especialmente acordar nuevas reuniones para trabajar en conjunto. Tambi\u00e9n se present\u00f3 junto a la marca Viv\u00ed San Pedro, la primer aplicaci\u00f3n para telefon\u00eda celular de la localidad y grafica publicitaria de actividades como Pesca Deportiva. Participamos de este evento con el fin de afianzar v\u00ednculos entre los sectores p\u00fablicos y privados, generando reuniones de trabajo con instituciones de otras localidades en post de potenciar la actividad tur\u00edstica de nuestra ciudad. En la actualidad nos encontramos solicitando a la Direcci\u00f3n de Turismo de San Pedro via mail y por nota duplicada en su oficina , los datos estad\u00edsticos que manejan desde dicha Direcci\u00f3n referente a ocupaci\u00f3n hotelera y afluencia tur\u00edstica en el periodo noviembre 2018\/ febrero 2019 sin respuesta aun. Conclusiones y pasos a seguir: De esta manera podemos concluir a casi cinco meses de nuestra conformaci\u00f3n hemos dado comienzo con los siguientes objetivos planteados en nuestra acta de conformaci\u00f3n: 1- Convocatoria sectores p\u00fablicos y privados 2- Empadronar sector privado 4- Desarrollo de una identidad de Marca; acompa\u00f1ada de tecnolog\u00eda que permita modernizar la comunicaci\u00f3n del destino hacia posibles visitantes. 6- Restablecer y\/o comenzar v\u00ednculo con federaciones del sector (FEGHRA, CATURBA etc) 7- Generar acciones que permitan traccionar turistas a San Pedro. 8 y 9 &#8211; Generar v\u00ednculos y convenios de cooperaci\u00f3n mutua con diferentes instituciones. A futuro nos queda profundizar estas acciones en vista de seguir sumando legitimaci\u00f3n y representaci\u00f3n del sector y continuar con las acciones que permitan colocar a San Pedro en los primeros planos del turismo nacional, as\u00ed como definir un calendario de capacitaciones 2019\/2020 abiertas al sector. Paralelamente creemos que debemos continuar trabajando en conjunto con la Secretaria de Desarrollo Econ\u00f3mico Municipal, y por qu\u00e9 no, con su Direcci\u00f3n de Turismo, sobre los puntos en los que coincidamos seg\u00fan acuerdos program\u00e1ticos a llevar a cabo.<br>\nRespecto a acciones de promoci\u00f3n tur\u00edstica, convenios y acuerdos con posibles proveedores<\/p>\n","protected":false},"excerpt":{"rendered":"<p>Desde la C\u00e1mara de Turismo del Centro de Comercio de San Pedro nos complace compartir las actividades, gestiones y acciones que hemos desarrollado hasta el momento: 8 de Noviembre: En las instalaciones del Centro de Comercio Industria y Turismo de San Pedro y luego de diversas reuniones decidimos retomar acciones poniendo en marcha la \u00a8C\u00e1mara [&hellip;]<\/p>\n","protected":false},"author":4,"featured_media":49730,"comment_status":"open","ping_status":"closed","sticky":false,"template":"","format":"standard","meta":{"om_disable_all_campaigns":false,"_jetpack_memberships_contains_paid_content":false,"footnotes":""},"categories":[101,2],"tags":[],"class_list":["post-49729","post","type-post","status-publish","format-standard","has-post-thumbnail","hentry","category-interes-general-locales","category-locales"],"aioseo_notices":[],"gutentor_comment":0,"jetpack_featured_media_url":"https:\/\/eldiariodesanpedro.com.ar\/sitio\/wp-content\/uploads\/2019\/03\/2019-03-28.png","jetpack_shortlink":"https:\/\/wp.me\/p6RhLt-cW5","jetpack_sharing_enabled":true,"_links":{"self":[{"href":"https:\/\/eldiariodesanpedro.com.ar\/sitio\/wp-json\/wp\/v2\/posts\/49729","targetHints":{"allow":["GET"]}}],"collection":[{"href":"https:\/\/eldiariodesanpedro.com.ar\/sitio\/wp-json\/wp\/v2\/posts"}],"about":[{"href":"https:\/\/eldiariodesanpedro.com.ar\/sitio\/wp-json\/wp\/v2\/types\/post"}],"author":[{"embeddable":true,"href":"https:\/\/eldiariodesanpedro.com.ar\/sitio\/wp-json\/wp\/v2\/users\/4"}],"replies":[{"embeddable":true,"href":"https:\/\/eldiariodesanpedro.com.ar\/sitio\/wp-json\/wp\/v2\/comments?post=49729"}],"version-history":[{"count":1,"href":"https:\/\/eldiariodesanpedro.com.ar\/sitio\/wp-json\/wp\/v2\/posts\/49729\/revisions"}],"predecessor-version":[{"id":49731,"href":"https:\/\/eldiariodesanpedro.com.ar\/sitio\/wp-json\/wp\/v2\/posts\/49729\/revisions\/49731"}],"wp:featuredmedia":[{"embeddable":true,"href":"https:\/\/eldiariodesanpedro.com.ar\/sitio\/wp-json\/wp\/v2\/media\/49730"}],"wp:attachment":[{"href":"https:\/\/eldiariodesanpedro.com.ar\/sitio\/wp-json\/wp\/v2\/media?parent=49729"}],"wp:term":[{"taxonomy":"category","embeddable":true,"href":"https:\/\/eldiariodesanpedro.com.ar\/sitio\/wp-json\/wp\/v2\/categories?post=49729"},{"taxonomy":"post_tag","embeddable":true,"href":"https:\/\/eldiariodesanpedro.com.ar\/sitio\/wp-json\/wp\/v2\/tags?post=49729"}],"curies":[{"name":"wp","href":"https:\/\/api.w.org\/{rel}","templated":true}]}}