{"id":49727,"date":"2019-03-28T16:22:33","date_gmt":"2019-03-28T19:22:33","guid":{"rendered":"https:\/\/eldiariodesanpedro.com.ar\/sitio\/?p=49727"},"modified":"2019-03-28T16:22:42","modified_gmt":"2019-03-28T19:22:42","slug":"dos-talleres-clausurados","status":"publish","type":"post","link":"https:\/\/eldiariodesanpedro.com.ar\/sitio\/dos-talleres-clausurados\/","title":{"rendered":"Dos talleres clausurados"},"content":{"rendered":"<!-- VideographyWP Plugin Message: Automatic video embedding prevented by plugin options. -->\n\n<p> Las inspecciones se realizaron por la ma\u00f1ana del mi\u00e9rcoles con personal del mismo y del gabinete criminologico de la comisaria local. Dos gomerias fueron clausuradas por el faltante de  la habilitaci\u00f3n municipal.<\/p>\n\n\n\n<p> Mediante la Ley 13081 &#8211; Clausura &#8211;  los talleres fueron clausurados, el primero ubicado sobre Lucio Mansilla al 2400 y el segundo, ubicado en Salta al 2600.<\/p>\n\n\n\n<p> Los dos ten\u00edan faltante de habilitaci\u00f3n municipal y del libro de control correspondiente.<\/p>\n\n\n\n<p> Personal de inspecci\u00f3n y de gabinete criminologico procedieron a labrar el acta de infracci\u00f3n con intervenci\u00f3n del Juzgado de Paz.<br><\/p>\n","protected":false},"excerpt":{"rendered":"<p>Las inspecciones se realizaron por la ma\u00f1ana del mi\u00e9rcoles con personal del mismo y del gabinete criminologico de la comisaria local. Dos gomerias fueron clausuradas por el faltante de la habilitaci\u00f3n municipal. Mediante la Ley 13081 &#8211; Clausura &#8211; los talleres fueron clausurados, el primero ubicado sobre Lucio Mansilla al 2400 y el segundo, ubicado [&hellip;]<\/p>\n","protected":false},"author":4,"featured_media":5682,"comment_status":"open","ping_status":"closed","sticky":false,"template":"","format":"standard","meta":{"om_disable_all_campaigns":false,"_jetpack_memberships_contains_paid_content":false,"footnotes":""},"categories":[2,103],"tags":[],"class_list":["post-49727","post","type-post","status-publish","format-standard","has-post-thumbnail","hentry","category-locales","category-policiales-locales"],"aioseo_notices":[],"gutentor_comment":2,"jetpack_featured_media_url":"https:\/\/eldiariodesanpedro.com.ar\/sitio\/wp-content\/uploads\/2016\/07\/Clausurado.jpg","jetpack_shortlink":"https:\/\/wp.me\/p6RhLt-cW3","jetpack_sharing_enabled":true,"_links":{"self":[{"href":"https:\/\/eldiariodesanpedro.com.ar\/sitio\/wp-json\/wp\/v2\/posts\/49727","targetHints":{"allow":["GET"]}}],"collection":[{"href":"https:\/\/eldiariodesanpedro.com.ar\/sitio\/wp-json\/wp\/v2\/posts"}],"about":[{"href":"https:\/\/eldiariodesanpedro.com.ar\/sitio\/wp-json\/wp\/v2\/types\/post"}],"author":[{"embeddable":true,"href":"https:\/\/eldiariodesanpedro.com.ar\/sitio\/wp-json\/wp\/v2\/users\/4"}],"replies":[{"embeddable":true,"href":"https:\/\/eldiariodesanpedro.com.ar\/sitio\/wp-json\/wp\/v2\/comments?post=49727"}],"version-history":[{"count":1,"href":"https:\/\/eldiariodesanpedro.com.ar\/sitio\/wp-json\/wp\/v2\/posts\/49727\/revisions"}],"predecessor-version":[{"id":49728,"href":"https:\/\/eldiariodesanpedro.com.ar\/sitio\/wp-json\/wp\/v2\/posts\/49727\/revisions\/49728"}],"wp:featuredmedia":[{"embeddable":true,"href":"https:\/\/eldiariodesanpedro.com.ar\/sitio\/wp-json\/wp\/v2\/media\/5682"}],"wp:attachment":[{"href":"https:\/\/eldiariodesanpedro.com.ar\/sitio\/wp-json\/wp\/v2\/media?parent=49727"}],"wp:term":[{"taxonomy":"category","embeddable":true,"href":"https:\/\/eldiariodesanpedro.com.ar\/sitio\/wp-json\/wp\/v2\/categories?post=49727"},{"taxonomy":"post_tag","embeddable":true,"href":"https:\/\/eldiariodesanpedro.com.ar\/sitio\/wp-json\/wp\/v2\/tags?post=49727"}],"curies":[{"name":"wp","href":"https:\/\/api.w.org\/{rel}","templated":true}]}}